{"id":391,"date":"2018-12-18T13:09:45","date_gmt":"2018-12-18T13:09:45","guid":{"rendered":"http:\/\/empresaysociedad.cetiparaguay.com\/?p=391"},"modified":"2018-12-18T13:09:45","modified_gmt":"2018-12-18T13:09:45","slug":"plan-de-marketing-para-la-empresa-gimenez-comercial","status":"publish","type":"post","link":"https:\/\/empresaysociedad.cetisa.com.py\/index.php\/2018\/12\/18\/plan-de-marketing-para-la-empresa-gimenez-comercial\/","title":{"rendered":"Plan de Marketing para la empresa Gim\u00e9nez Comercial"},"content":{"rendered":"\n<p>CARRERA: ADMINISTRACI\u00d3N DE EMPRESAS<br>\nTEMA:<br>\nPlan de Marketing para la empresa Gim\u00e9nez Comercial.<br>\nMar\u00eda Teresa Echeverr\u00eda<br>\nAndrea Luj\u00e1n Gim\u00e9nez<br>\nTUTORA: PROF. GRACIELA MENDEZ.<\/p>\n\n\n\n<figure class=\"wp-block-image\"><img loading=\"lazy\" decoding=\"async\" width=\"753\" height=\"500\" src=\"https:\/\/empresaysociedad.cetisa.com.py\/wp-content\/uploads\/2018\/12\/FOTOS-DE-ANDREA-COMERCIAL.jpg\" alt=\"\" class=\"wp-image-392\" srcset=\"https:\/\/empresaysociedad.cetisa.com.py\/wp-content\/uploads\/2018\/12\/FOTOS-DE-ANDREA-COMERCIAL.jpg 753w, https:\/\/empresaysociedad.cetisa.com.py\/wp-content\/uploads\/2018\/12\/FOTOS-DE-ANDREA-COMERCIAL-300x199.jpg 300w\" sizes=\"auto, (max-width: 706px) 89vw, (max-width: 767px) 82vw, 740px\" \/><\/figure>\n","protected":false},"excerpt":{"rendered":"<p>CARRERA: ADMINISTRACI\u00d3N DE EMPRESAS TEMA: Plan de Marketing para la empresa Gim\u00e9nez Comercial. Mar\u00eda Teresa Echeverr\u00eda Andrea Luj\u00e1n Gim\u00e9nez TUTORA: PROF. GRACIELA MENDEZ.<\/p>\n","protected":false},"author":3,"featured_media":392,"comment_status":"open","ping_status":"closed","sticky":false,"template":"","format":"standard","meta":{"footnotes":""},"categories":[2],"tags":[],"class_list":["post-391","post","type-post","status-publish","format-standard","has-post-thumbnail","hentry","category-extension-universitaria"],"yoast_head":"<!-- This site is optimized with the Yoast SEO plugin v27.4 - https:\/\/yoast.com\/product\/yoast-seo-wordpress\/ -->\n<title>Plan de Marketing para la empresa Gim\u00e9nez Comercial - Empresa &amp; Sociedad<\/title>\n<meta name=\"robots\" content=\"index, follow, max-snippet:-1, max-image-preview:large, max-video-preview:-1\" \/>\n<link rel=\"canonical\" href=\"https:\/\/empresaysociedad.cetisa.com.py\/index.php\/2018\/12\/18\/plan-de-marketing-para-la-empresa-gimenez-comercial\/\" \/>\n<meta property=\"og:locale\" content=\"es_ES\" \/>\n<meta property=\"og:type\" content=\"article\" \/>\n<meta property=\"og:title\" content=\"Plan de Marketing para la empresa Gim\u00e9nez Comercial - Empresa &amp; Sociedad\" \/>\n<meta property=\"og:description\" content=\"CARRERA: ADMINISTRACI\u00d3N DE EMPRESAS TEMA: Plan de Marketing para la empresa Gim\u00e9nez Comercial. Mar\u00eda Teresa Echeverr\u00eda Andrea Luj\u00e1n Gim\u00e9nez TUTORA: PROF. GRACIELA MENDEZ.\" \/>\n<meta property=\"og:url\" content=\"https:\/\/empresaysociedad.cetisa.com.py\/index.php\/2018\/12\/18\/plan-de-marketing-para-la-empresa-gimenez-comercial\/\" \/>\n<meta property=\"og:site_name\" content=\"Empresa &amp; Sociedad\" \/>\n<meta property=\"article:published_time\" content=\"2018-12-18T13:09:45+00:00\" \/>\n<meta property=\"og:image\" content=\"http:\/\/empresaysociedad.cetiparaguay.com\/wp-content\/uploads\/2018\/12\/FOTOS-DE-ANDREA-COMERCIAL.jpg\" \/>\n<meta name=\"author\" content=\"administrador\" \/>\n<meta name=\"twitter:card\" content=\"summary_large_image\" \/>\n<meta name=\"twitter:label1\" content=\"Escrito por\" \/>\n\t<meta name=\"twitter:data1\" content=\"administrador\" \/>\n<script type=\"application\/ld+json\" class=\"yoast-schema-graph\">{\"@context\":\"https:\\\/\\\/schema.org\",\"@graph\":[{\"@type\":\"Article\",\"@id\":\"https:\\\/\\\/empresaysociedad.cetisa.com.py\\\/index.php\\\/2018\\\/12\\\/18\\\/plan-de-marketing-para-la-empresa-gimenez-comercial\\\/#article\",\"isPartOf\":{\"@id\":\"https:\\\/\\\/empresaysociedad.cetisa.com.py\\\/index.php\\\/2018\\\/12\\\/18\\\/plan-de-marketing-para-la-empresa-gimenez-comercial\\\/\"},\"author\":{\"name\":\"administrador\",\"@id\":\"https:\\\/\\\/empresaysociedad.cetisa.com.py\\\/#\\\/schema\\\/person\\\/31ef97ddfd4646f44252e45ab28e859a\"},\"headline\":\"Plan de Marketing para la empresa Gim\u00e9nez Comercial\",\"datePublished\":\"2018-12-18T13:09:45+00:00\",\"mainEntityOfPage\":{\"@id\":\"https:\\\/\\\/empresaysociedad.cetisa.com.py\\\/index.php\\\/2018\\\/12\\\/18\\\/plan-de-marketing-para-la-empresa-gimenez-comercial\\\/\"},\"wordCount\":38,\"commentCount\":0,\"publisher\":{\"@id\":\"https:\\\/\\\/empresaysociedad.cetisa.com.py\\\/#organization\"},\"image\":{\"@id\":\"https:\\\/\\\/empresaysociedad.cetisa.com.py\\\/index.php\\\/2018\\\/12\\\/18\\\/plan-de-marketing-para-la-empresa-gimenez-comercial\\\/#primaryimage\"},\"thumbnailUrl\":\"https:\\\/\\\/empresaysociedad.cetisa.com.py\\\/wp-content\\\/uploads\\\/2018\\\/12\\\/FOTOS-DE-ANDREA-COMERCIAL.jpg\",\"articleSection\":[\"Extensi\u00f3n universitaria\"],\"inLanguage\":\"es\",\"potentialAction\":[{\"@type\":\"CommentAction\",\"name\":\"Comment\",\"target\":[\"https:\\\/\\\/empresaysociedad.cetisa.com.py\\\/index.php\\\/2018\\\/12\\\/18\\\/plan-de-marketing-para-la-empresa-gimenez-comercial\\\/#respond\"]}]},{\"@type\":\"WebPage\",\"@id\":\"https:\\\/\\\/empresaysociedad.cetisa.com.py\\\/index.php\\\/2018\\\/12\\\/18\\\/plan-de-marketing-para-la-empresa-gimenez-comercial\\\/\",\"url\":\"https:\\\/\\\/empresaysociedad.cetisa.com.py\\\/index.php\\\/2018\\\/12\\\/18\\\/plan-de-marketing-para-la-empresa-gimenez-comercial\\\/\",\"name\":\"Plan de Marketing para la empresa Gim\u00e9nez Comercial - Empresa &amp; Sociedad\",\"isPartOf\":{\"@id\":\"https:\\\/\\\/empresaysociedad.cetisa.com.py\\\/#website\"},\"primaryImageOfPage\":{\"@id\":\"https:\\\/\\\/empresaysociedad.cetisa.com.py\\\/index.php\\\/2018\\\/12\\\/18\\\/plan-de-marketing-para-la-empresa-gimenez-comercial\\\/#primaryimage\"},\"image\":{\"@id\":\"https:\\\/\\\/empresaysociedad.cetisa.com.py\\\/index.php\\\/2018\\\/12\\\/18\\\/plan-de-marketing-para-la-empresa-gimenez-comercial\\\/#primaryimage\"},\"thumbnailUrl\":\"https:\\\/\\\/empresaysociedad.cetisa.com.py\\\/wp-content\\\/uploads\\\/2018\\\/12\\\/FOTOS-DE-ANDREA-COMERCIAL.jpg\",\"datePublished\":\"2018-12-18T13:09:45+00:00\",\"breadcrumb\":{\"@id\":\"https:\\\/\\\/empresaysociedad.cetisa.com.py\\\/index.php\\\/2018\\\/12\\\/18\\\/plan-de-marketing-para-la-empresa-gimenez-comercial\\\/#breadcrumb\"},\"inLanguage\":\"es\",\"potentialAction\":[{\"@type\":\"ReadAction\",\"target\":[\"https:\\\/\\\/empresaysociedad.cetisa.com.py\\\/index.php\\\/2018\\\/12\\\/18\\\/plan-de-marketing-para-la-empresa-gimenez-comercial\\\/\"]}]},{\"@type\":\"ImageObject\",\"inLanguage\":\"es\",\"@id\":\"https:\\\/\\\/empresaysociedad.cetisa.com.py\\\/index.php\\\/2018\\\/12\\\/18\\\/plan-de-marketing-para-la-empresa-gimenez-comercial\\\/#primaryimage\",\"url\":\"https:\\\/\\\/empresaysociedad.cetisa.com.py\\\/wp-content\\\/uploads\\\/2018\\\/12\\\/FOTOS-DE-ANDREA-COMERCIAL.jpg\",\"contentUrl\":\"https:\\\/\\\/empresaysociedad.cetisa.com.py\\\/wp-content\\\/uploads\\\/2018\\\/12\\\/FOTOS-DE-ANDREA-COMERCIAL.jpg\",\"width\":753,\"height\":500},{\"@type\":\"BreadcrumbList\",\"@id\":\"https:\\\/\\\/empresaysociedad.cetisa.com.py\\\/index.php\\\/2018\\\/12\\\/18\\\/plan-de-marketing-para-la-empresa-gimenez-comercial\\\/#breadcrumb\",\"itemListElement\":[{\"@type\":\"ListItem\",\"position\":1,\"name\":\"Portada\",\"item\":\"https:\\\/\\\/empresaysociedad.cetisa.com.py\\\/\"},{\"@type\":\"ListItem\",\"position\":2,\"name\":\"Plan de Marketing para la empresa Gim\u00e9nez Comercial\"}]},{\"@type\":\"WebSite\",\"@id\":\"https:\\\/\\\/empresaysociedad.cetisa.com.py\\\/#website\",\"url\":\"https:\\\/\\\/empresaysociedad.cetisa.com.py\\\/\",\"name\":\"Empresa &amp; Sociedad\",\"description\":\"\",\"publisher\":{\"@id\":\"https:\\\/\\\/empresaysociedad.cetisa.com.py\\\/#organization\"},\"potentialAction\":[{\"@type\":\"SearchAction\",\"target\":{\"@type\":\"EntryPoint\",\"urlTemplate\":\"https:\\\/\\\/empresaysociedad.cetisa.com.py\\\/?s={search_term_string}\"},\"query-input\":{\"@type\":\"PropertyValueSpecification\",\"valueRequired\":true,\"valueName\":\"search_term_string\"}}],\"inLanguage\":\"es\"},{\"@type\":\"Organization\",\"@id\":\"https:\\\/\\\/empresaysociedad.cetisa.com.py\\\/#organization\",\"name\":\"Empresa &amp; Sociedad\",\"url\":\"https:\\\/\\\/empresaysociedad.cetisa.com.py\\\/\",\"logo\":{\"@type\":\"ImageObject\",\"inLanguage\":\"es\",\"@id\":\"https:\\\/\\\/empresaysociedad.cetisa.com.py\\\/#\\\/schema\\\/logo\\\/image\\\/\",\"url\":\"https:\\\/\\\/empresaysociedad.cetisa.com.py\\\/wp-content\\\/uploads\\\/2023\\\/06\\\/cropped-cropped-logo-1.png\",\"contentUrl\":\"https:\\\/\\\/empresaysociedad.cetisa.com.py\\\/wp-content\\\/uploads\\\/2023\\\/06\\\/cropped-cropped-logo-1.png\",\"width\":250,\"height\":250,\"caption\":\"Empresa &amp; Sociedad\"},\"image\":{\"@id\":\"https:\\\/\\\/empresaysociedad.cetisa.com.py\\\/#\\\/schema\\\/logo\\\/image\\\/\"}},{\"@type\":\"Person\",\"@id\":\"https:\\\/\\\/empresaysociedad.cetisa.com.py\\\/#\\\/schema\\\/person\\\/31ef97ddfd4646f44252e45ab28e859a\",\"name\":\"administrador\",\"image\":{\"@type\":\"ImageObject\",\"inLanguage\":\"es\",\"@id\":\"https:\\\/\\\/secure.gravatar.com\\\/avatar\\\/d1eb6932c4e19eae45646071f4fdc2953db246f653160fbf8ec86c295e341716?s=96&d=mm&r=g\",\"url\":\"https:\\\/\\\/secure.gravatar.com\\\/avatar\\\/d1eb6932c4e19eae45646071f4fdc2953db246f653160fbf8ec86c295e341716?s=96&d=mm&r=g\",\"contentUrl\":\"https:\\\/\\\/secure.gravatar.com\\\/avatar\\\/d1eb6932c4e19eae45646071f4fdc2953db246f653160fbf8ec86c295e341716?s=96&d=mm&r=g\",\"caption\":\"administrador\"},\"url\":\"https:\\\/\\\/empresaysociedad.cetisa.com.py\\\/index.php\\\/author\\\/kari\\\/\"}]}<\/script>\n<!-- \/ Yoast SEO plugin. -->","yoast_head_json":{"title":"Plan de Marketing para la empresa Gim\u00e9nez Comercial - Empresa &amp; Sociedad","robots":{"index":"index","follow":"follow","max-snippet":"max-snippet:-1","max-image-preview":"max-image-preview:large","max-video-preview":"max-video-preview:-1"},"canonical":"https:\/\/empresaysociedad.cetisa.com.py\/index.php\/2018\/12\/18\/plan-de-marketing-para-la-empresa-gimenez-comercial\/","og_locale":"es_ES","og_type":"article","og_title":"Plan de Marketing para la empresa Gim\u00e9nez Comercial - Empresa &amp; Sociedad","og_description":"CARRERA: ADMINISTRACI\u00d3N DE EMPRESAS TEMA: Plan de Marketing para la empresa Gim\u00e9nez Comercial. Mar\u00eda Teresa Echeverr\u00eda Andrea Luj\u00e1n Gim\u00e9nez TUTORA: PROF. GRACIELA MENDEZ.","og_url":"https:\/\/empresaysociedad.cetisa.com.py\/index.php\/2018\/12\/18\/plan-de-marketing-para-la-empresa-gimenez-comercial\/","og_site_name":"Empresa &amp; Sociedad","article_published_time":"2018-12-18T13:09:45+00:00","og_image":[{"url":"http:\/\/empresaysociedad.cetiparaguay.com\/wp-content\/uploads\/2018\/12\/FOTOS-DE-ANDREA-COMERCIAL.jpg","type":"","width":"","height":""}],"author":"administrador","twitter_card":"summary_large_image","twitter_misc":{"Escrito por":"administrador"},"schema":{"@context":"https:\/\/schema.org","@graph":[{"@type":"Article","@id":"https:\/\/empresaysociedad.cetisa.com.py\/index.php\/2018\/12\/18\/plan-de-marketing-para-la-empresa-gimenez-comercial\/#article","isPartOf":{"@id":"https:\/\/empresaysociedad.cetisa.com.py\/index.php\/2018\/12\/18\/plan-de-marketing-para-la-empresa-gimenez-comercial\/"},"author":{"name":"administrador","@id":"https:\/\/empresaysociedad.cetisa.com.py\/#\/schema\/person\/31ef97ddfd4646f44252e45ab28e859a"},"headline":"Plan de Marketing para la empresa Gim\u00e9nez Comercial","datePublished":"2018-12-18T13:09:45+00:00","mainEntityOfPage":{"@id":"https:\/\/empresaysociedad.cetisa.com.py\/index.php\/2018\/12\/18\/plan-de-marketing-para-la-empresa-gimenez-comercial\/"},"wordCount":38,"commentCount":0,"publisher":{"@id":"https:\/\/empresaysociedad.cetisa.com.py\/#organization"},"image":{"@id":"https:\/\/empresaysociedad.cetisa.com.py\/index.php\/2018\/12\/18\/plan-de-marketing-para-la-empresa-gimenez-comercial\/#primaryimage"},"thumbnailUrl":"https:\/\/empresaysociedad.cetisa.com.py\/wp-content\/uploads\/2018\/12\/FOTOS-DE-ANDREA-COMERCIAL.jpg","articleSection":["Extensi\u00f3n universitaria"],"inLanguage":"es","potentialAction":[{"@type":"CommentAction","name":"Comment","target":["https:\/\/empresaysociedad.cetisa.com.py\/index.php\/2018\/12\/18\/plan-de-marketing-para-la-empresa-gimenez-comercial\/#respond"]}]},{"@type":"WebPage","@id":"https:\/\/empresaysociedad.cetisa.com.py\/index.php\/2018\/12\/18\/plan-de-marketing-para-la-empresa-gimenez-comercial\/","url":"https:\/\/empresaysociedad.cetisa.com.py\/index.php\/2018\/12\/18\/plan-de-marketing-para-la-empresa-gimenez-comercial\/","name":"Plan de Marketing para la empresa Gim\u00e9nez Comercial - Empresa &amp; Sociedad","isPartOf":{"@id":"https:\/\/empresaysociedad.cetisa.com.py\/#website"},"primaryImageOfPage":{"@id":"https:\/\/empresaysociedad.cetisa.com.py\/index.php\/2018\/12\/18\/plan-de-marketing-para-la-empresa-gimenez-comercial\/#primaryimage"},"image":{"@id":"https:\/\/empresaysociedad.cetisa.com.py\/index.php\/2018\/12\/18\/plan-de-marketing-para-la-empresa-gimenez-comercial\/#primaryimage"},"thumbnailUrl":"https:\/\/empresaysociedad.cetisa.com.py\/wp-content\/uploads\/2018\/12\/FOTOS-DE-ANDREA-COMERCIAL.jpg","datePublished":"2018-12-18T13:09:45+00:00","breadcrumb":{"@id":"https:\/\/empresaysociedad.cetisa.com.py\/index.php\/2018\/12\/18\/plan-de-marketing-para-la-empresa-gimenez-comercial\/#breadcrumb"},"inLanguage":"es","potentialAction":[{"@type":"ReadAction","target":["https:\/\/empresaysociedad.cetisa.com.py\/index.php\/2018\/12\/18\/plan-de-marketing-para-la-empresa-gimenez-comercial\/"]}]},{"@type":"ImageObject","inLanguage":"es","@id":"https:\/\/empresaysociedad.cetisa.com.py\/index.php\/2018\/12\/18\/plan-de-marketing-para-la-empresa-gimenez-comercial\/#primaryimage","url":"https:\/\/empresaysociedad.cetisa.com.py\/wp-content\/uploads\/2018\/12\/FOTOS-DE-ANDREA-COMERCIAL.jpg","contentUrl":"https:\/\/empresaysociedad.cetisa.com.py\/wp-content\/uploads\/2018\/12\/FOTOS-DE-ANDREA-COMERCIAL.jpg","width":753,"height":500},{"@type":"BreadcrumbList","@id":"https:\/\/empresaysociedad.cetisa.com.py\/index.php\/2018\/12\/18\/plan-de-marketing-para-la-empresa-gimenez-comercial\/#breadcrumb","itemListElement":[{"@type":"ListItem","position":1,"name":"Portada","item":"https:\/\/empresaysociedad.cetisa.com.py\/"},{"@type":"ListItem","position":2,"name":"Plan de Marketing para la empresa Gim\u00e9nez Comercial"}]},{"@type":"WebSite","@id":"https:\/\/empresaysociedad.cetisa.com.py\/#website","url":"https:\/\/empresaysociedad.cetisa.com.py\/","name":"Empresa &amp; Sociedad","description":"","publisher":{"@id":"https:\/\/empresaysociedad.cetisa.com.py\/#organization"},"potentialAction":[{"@type":"SearchAction","target":{"@type":"EntryPoint","urlTemplate":"https:\/\/empresaysociedad.cetisa.com.py\/?s={search_term_string}"},"query-input":{"@type":"PropertyValueSpecification","valueRequired":true,"valueName":"search_term_string"}}],"inLanguage":"es"},{"@type":"Organization","@id":"https:\/\/empresaysociedad.cetisa.com.py\/#organization","name":"Empresa &amp; Sociedad","url":"https:\/\/empresaysociedad.cetisa.com.py\/","logo":{"@type":"ImageObject","inLanguage":"es","@id":"https:\/\/empresaysociedad.cetisa.com.py\/#\/schema\/logo\/image\/","url":"https:\/\/empresaysociedad.cetisa.com.py\/wp-content\/uploads\/2023\/06\/cropped-cropped-logo-1.png","contentUrl":"https:\/\/empresaysociedad.cetisa.com.py\/wp-content\/uploads\/2023\/06\/cropped-cropped-logo-1.png","width":250,"height":250,"caption":"Empresa &amp; Sociedad"},"image":{"@id":"https:\/\/empresaysociedad.cetisa.com.py\/#\/schema\/logo\/image\/"}},{"@type":"Person","@id":"https:\/\/empresaysociedad.cetisa.com.py\/#\/schema\/person\/31ef97ddfd4646f44252e45ab28e859a","name":"administrador","image":{"@type":"ImageObject","inLanguage":"es","@id":"https:\/\/secure.gravatar.com\/avatar\/d1eb6932c4e19eae45646071f4fdc2953db246f653160fbf8ec86c295e341716?s=96&d=mm&r=g","url":"https:\/\/secure.gravatar.com\/avatar\/d1eb6932c4e19eae45646071f4fdc2953db246f653160fbf8ec86c295e341716?s=96&d=mm&r=g","contentUrl":"https:\/\/secure.gravatar.com\/avatar\/d1eb6932c4e19eae45646071f4fdc2953db246f653160fbf8ec86c295e341716?s=96&d=mm&r=g","caption":"administrador"},"url":"https:\/\/empresaysociedad.cetisa.com.py\/index.php\/author\/kari\/"}]}},"_links":{"self":[{"href":"https:\/\/empresaysociedad.cetisa.com.py\/index.php\/wp-json\/wp\/v2\/posts\/391","targetHints":{"allow":["GET"]}}],"collection":[{"href":"https:\/\/empresaysociedad.cetisa.com.py\/index.php\/wp-json\/wp\/v2\/posts"}],"about":[{"href":"https:\/\/empresaysociedad.cetisa.com.py\/index.php\/wp-json\/wp\/v2\/types\/post"}],"author":[{"embeddable":true,"href":"https:\/\/empresaysociedad.cetisa.com.py\/index.php\/wp-json\/wp\/v2\/users\/3"}],"replies":[{"embeddable":true,"href":"https:\/\/empresaysociedad.cetisa.com.py\/index.php\/wp-json\/wp\/v2\/comments?post=391"}],"version-history":[{"count":0,"href":"https:\/\/empresaysociedad.cetisa.com.py\/index.php\/wp-json\/wp\/v2\/posts\/391\/revisions"}],"wp:featuredmedia":[{"embeddable":true,"href":"https:\/\/empresaysociedad.cetisa.com.py\/index.php\/wp-json\/wp\/v2\/media\/392"}],"wp:attachment":[{"href":"https:\/\/empresaysociedad.cetisa.com.py\/index.php\/wp-json\/wp\/v2\/media?parent=391"}],"wp:term":[{"taxonomy":"category","embeddable":true,"href":"https:\/\/empresaysociedad.cetisa.com.py\/index.php\/wp-json\/wp\/v2\/categories?post=391"},{"taxonomy":"post_tag","embeddable":true,"href":"https:\/\/empresaysociedad.cetisa.com.py\/index.php\/wp-json\/wp\/v2\/tags?post=391"}],"curies":[{"name":"wp","href":"https:\/\/api.w.org\/{rel}","templated":true}]}}