{"id":671,"date":"2022-04-11T20:21:58","date_gmt":"2022-04-11T20:21:58","guid":{"rendered":"http:\/\/empresaysociedad.cetiparaguay.com\/?p=671"},"modified":"2022-04-11T20:21:58","modified_gmt":"2022-04-11T20:21:58","slug":"encuesta-permanente-inclusion-y-discapacidades","status":"publish","type":"post","link":"https:\/\/empresaysociedad.cetisa.com.py\/index.php\/2022\/04\/11\/encuesta-permanente-inclusion-y-discapacidades\/","title":{"rendered":"ENCUESTA PERMANENTE  INCLUSI\u00d3N Y DISCAPACIDADES"},"content":{"rendered":"\n<p>Esta investigaci\u00f3n interna busca caracterizar la poblaci\u00f3n del estudiantado actual de la Universidad Cat\u00f3lica Nuestra Se\u00f1ora de la Asunci\u00f3n &#8211; Campus Alto Paran\u00e1 en lo que respecta al criterio INCLUSION<\/p>\n\n\n\n<p>Resultados Parciales al 30 de Marzo de 2022<\/p>\n\n\n\n<figure class=\"wp-block-image\"><a href=\"https:\/\/docs.google.com\/forms\/d\/e\/1FAIpQLSegocdC4wyiR0IEE6oggGQZlOv2yP8b-lEMctQdhXcsLY8p1g\/viewform?usp=sf_link\"><img loading=\"lazy\" decoding=\"async\" width=\"730\" height=\"410\" src=\"https:\/\/empresaysociedad.cetisa.com.py\/wp-content\/uploads\/2022\/04\/ENCUESTA-PERMANENTE-1.jpg\" alt=\"\" class=\"wp-image-672\" srcset=\"https:\/\/empresaysociedad.cetisa.com.py\/wp-content\/uploads\/2022\/04\/ENCUESTA-PERMANENTE-1.jpg 730w, https:\/\/empresaysociedad.cetisa.com.py\/wp-content\/uploads\/2022\/04\/ENCUESTA-PERMANENTE-1-300x168.jpg 300w\" sizes=\"auto, (max-width: 730px) 100vw, 730px\" \/><\/a><\/figure>\n\n\n\n<figure class=\"wp-block-image\"><img loading=\"lazy\" decoding=\"async\" width=\"531\" height=\"319\" src=\"https:\/\/empresaysociedad.cetisa.com.py\/wp-content\/uploads\/2022\/04\/Inclusion-resuls-2.png\" alt=\"\" class=\"wp-image-705\" srcset=\"https:\/\/empresaysociedad.cetisa.com.py\/wp-content\/uploads\/2022\/04\/Inclusion-resuls-2.png 531w, https:\/\/empresaysociedad.cetisa.com.py\/wp-content\/uploads\/2022\/04\/Inclusion-resuls-2-300x180.png 300w\" sizes=\"auto, (max-width: 531px) 100vw, 531px\" \/><\/figure>\n\n\n\n<figure class=\"wp-block-image\"><img loading=\"lazy\" decoding=\"async\" width=\"760\" height=\"319\" src=\"https:\/\/empresaysociedad.cetisa.com.py\/wp-content\/uploads\/2022\/04\/Inclusion-resuls-1.png\" alt=\"\" class=\"wp-image-706\" srcset=\"https:\/\/empresaysociedad.cetisa.com.py\/wp-content\/uploads\/2022\/04\/Inclusion-resuls-1.png 760w, https:\/\/empresaysociedad.cetisa.com.py\/wp-content\/uploads\/2022\/04\/Inclusion-resuls-1-300x126.png 300w\" sizes=\"auto, (max-width: 706px) 89vw, (max-width: 767px) 82vw, 740px\" \/><\/figure>\n","protected":false},"excerpt":{"rendered":"<p>Esta investigaci\u00f3n interna busca caracterizar la poblaci\u00f3n del estudiantado actual de la Universidad Cat\u00f3lica Nuestra Se\u00f1ora de la Asunci\u00f3n &#8211; Campus Alto Paran\u00e1 en lo que respecta al criterio INCLUSION Resultados Parciales al 30 de Marzo de 2022<\/p>\n","protected":false},"author":3,"featured_media":0,"comment_status":"open","ping_status":"closed","sticky":false,"template":"","format":"standard","meta":{"footnotes":""},"categories":[2],"tags":[],"class_list":["post-671","post","type-post","status-publish","format-standard","hentry","category-extension-universitaria"],"yoast_head":"<!-- This site is optimized with the Yoast SEO plugin v27.4 - https:\/\/yoast.com\/product\/yoast-seo-wordpress\/ -->\n<title>ENCUESTA PERMANENTE INCLUSI\u00d3N Y DISCAPACIDADES - Empresa &amp; Sociedad<\/title>\n<meta name=\"robots\" content=\"index, follow, max-snippet:-1, max-image-preview:large, max-video-preview:-1\" \/>\n<link rel=\"canonical\" href=\"https:\/\/empresaysociedad.cetisa.com.py\/index.php\/2022\/04\/11\/encuesta-permanente-inclusion-y-discapacidades\/\" \/>\n<meta property=\"og:locale\" content=\"es_ES\" \/>\n<meta property=\"og:type\" content=\"article\" \/>\n<meta property=\"og:title\" content=\"ENCUESTA PERMANENTE INCLUSI\u00d3N Y DISCAPACIDADES - Empresa &amp; Sociedad\" \/>\n<meta property=\"og:description\" content=\"Esta investigaci\u00f3n interna busca caracterizar la poblaci\u00f3n del estudiantado actual de la Universidad Cat\u00f3lica Nuestra Se\u00f1ora de la Asunci\u00f3n &#8211; Campus Alto Paran\u00e1 en lo que respecta al criterio INCLUSION Resultados Parciales al 30 de Marzo de 2022\" \/>\n<meta property=\"og:url\" content=\"https:\/\/empresaysociedad.cetisa.com.py\/index.php\/2022\/04\/11\/encuesta-permanente-inclusion-y-discapacidades\/\" \/>\n<meta property=\"og:site_name\" content=\"Empresa &amp; Sociedad\" \/>\n<meta property=\"article:published_time\" content=\"2022-04-11T20:21:58+00:00\" \/>\n<meta property=\"og:image\" content=\"http:\/\/empresaysociedad.cetiparaguay.com\/wp-content\/uploads\/2022\/04\/ENCUESTA-PERMANENTE-1.jpg\" \/>\n<meta name=\"author\" content=\"administrador\" \/>\n<meta name=\"twitter:card\" content=\"summary_large_image\" \/>\n<meta name=\"twitter:label1\" content=\"Escrito por\" \/>\n\t<meta name=\"twitter:data1\" content=\"administrador\" \/>\n<script type=\"application\/ld+json\" class=\"yoast-schema-graph\">{\"@context\":\"https:\\\/\\\/schema.org\",\"@graph\":[{\"@type\":\"Article\",\"@id\":\"https:\\\/\\\/empresaysociedad.cetisa.com.py\\\/index.php\\\/2022\\\/04\\\/11\\\/encuesta-permanente-inclusion-y-discapacidades\\\/#article\",\"isPartOf\":{\"@id\":\"https:\\\/\\\/empresaysociedad.cetisa.com.py\\\/index.php\\\/2022\\\/04\\\/11\\\/encuesta-permanente-inclusion-y-discapacidades\\\/\"},\"author\":{\"name\":\"administrador\",\"@id\":\"https:\\\/\\\/empresaysociedad.cetisa.com.py\\\/#\\\/schema\\\/person\\\/31ef97ddfd4646f44252e45ab28e859a\"},\"headline\":\"ENCUESTA PERMANENTE INCLUSI\u00d3N Y DISCAPACIDADES\",\"datePublished\":\"2022-04-11T20:21:58+00:00\",\"mainEntityOfPage\":{\"@id\":\"https:\\\/\\\/empresaysociedad.cetisa.com.py\\\/index.php\\\/2022\\\/04\\\/11\\\/encuesta-permanente-inclusion-y-discapacidades\\\/\"},\"wordCount\":47,\"commentCount\":0,\"publisher\":{\"@id\":\"https:\\\/\\\/empresaysociedad.cetisa.com.py\\\/#organization\"},\"image\":{\"@id\":\"https:\\\/\\\/empresaysociedad.cetisa.com.py\\\/index.php\\\/2022\\\/04\\\/11\\\/encuesta-permanente-inclusion-y-discapacidades\\\/#primaryimage\"},\"thumbnailUrl\":\"https:\\\/\\\/empresaysociedad.cetisa.com.py\\\/wp-content\\\/uploads\\\/2022\\\/04\\\/ENCUESTA-PERMANENTE-1.jpg\",\"articleSection\":[\"Extensi\u00f3n universitaria\"],\"inLanguage\":\"es\",\"potentialAction\":[{\"@type\":\"CommentAction\",\"name\":\"Comment\",\"target\":[\"https:\\\/\\\/empresaysociedad.cetisa.com.py\\\/index.php\\\/2022\\\/04\\\/11\\\/encuesta-permanente-inclusion-y-discapacidades\\\/#respond\"]}]},{\"@type\":\"WebPage\",\"@id\":\"https:\\\/\\\/empresaysociedad.cetisa.com.py\\\/index.php\\\/2022\\\/04\\\/11\\\/encuesta-permanente-inclusion-y-discapacidades\\\/\",\"url\":\"https:\\\/\\\/empresaysociedad.cetisa.com.py\\\/index.php\\\/2022\\\/04\\\/11\\\/encuesta-permanente-inclusion-y-discapacidades\\\/\",\"name\":\"ENCUESTA PERMANENTE INCLUSI\u00d3N Y DISCAPACIDADES - Empresa &amp; Sociedad\",\"isPartOf\":{\"@id\":\"https:\\\/\\\/empresaysociedad.cetisa.com.py\\\/#website\"},\"primaryImageOfPage\":{\"@id\":\"https:\\\/\\\/empresaysociedad.cetisa.com.py\\\/index.php\\\/2022\\\/04\\\/11\\\/encuesta-permanente-inclusion-y-discapacidades\\\/#primaryimage\"},\"image\":{\"@id\":\"https:\\\/\\\/empresaysociedad.cetisa.com.py\\\/index.php\\\/2022\\\/04\\\/11\\\/encuesta-permanente-inclusion-y-discapacidades\\\/#primaryimage\"},\"thumbnailUrl\":\"https:\\\/\\\/empresaysociedad.cetisa.com.py\\\/wp-content\\\/uploads\\\/2022\\\/04\\\/ENCUESTA-PERMANENTE-1.jpg\",\"datePublished\":\"2022-04-11T20:21:58+00:00\",\"breadcrumb\":{\"@id\":\"https:\\\/\\\/empresaysociedad.cetisa.com.py\\\/index.php\\\/2022\\\/04\\\/11\\\/encuesta-permanente-inclusion-y-discapacidades\\\/#breadcrumb\"},\"inLanguage\":\"es\",\"potentialAction\":[{\"@type\":\"ReadAction\",\"target\":[\"https:\\\/\\\/empresaysociedad.cetisa.com.py\\\/index.php\\\/2022\\\/04\\\/11\\\/encuesta-permanente-inclusion-y-discapacidades\\\/\"]}]},{\"@type\":\"ImageObject\",\"inLanguage\":\"es\",\"@id\":\"https:\\\/\\\/empresaysociedad.cetisa.com.py\\\/index.php\\\/2022\\\/04\\\/11\\\/encuesta-permanente-inclusion-y-discapacidades\\\/#primaryimage\",\"url\":\"https:\\\/\\\/empresaysociedad.cetisa.com.py\\\/wp-content\\\/uploads\\\/2022\\\/04\\\/ENCUESTA-PERMANENTE-1.jpg\",\"contentUrl\":\"https:\\\/\\\/empresaysociedad.cetisa.com.py\\\/wp-content\\\/uploads\\\/2022\\\/04\\\/ENCUESTA-PERMANENTE-1.jpg\",\"width\":730,\"height\":410},{\"@type\":\"BreadcrumbList\",\"@id\":\"https:\\\/\\\/empresaysociedad.cetisa.com.py\\\/index.php\\\/2022\\\/04\\\/11\\\/encuesta-permanente-inclusion-y-discapacidades\\\/#breadcrumb\",\"itemListElement\":[{\"@type\":\"ListItem\",\"position\":1,\"name\":\"Portada\",\"item\":\"https:\\\/\\\/empresaysociedad.cetisa.com.py\\\/\"},{\"@type\":\"ListItem\",\"position\":2,\"name\":\"ENCUESTA PERMANENTE INCLUSI\u00d3N Y DISCAPACIDADES\"}]},{\"@type\":\"WebSite\",\"@id\":\"https:\\\/\\\/empresaysociedad.cetisa.com.py\\\/#website\",\"url\":\"https:\\\/\\\/empresaysociedad.cetisa.com.py\\\/\",\"name\":\"Empresa &amp; Sociedad\",\"description\":\"\",\"publisher\":{\"@id\":\"https:\\\/\\\/empresaysociedad.cetisa.com.py\\\/#organization\"},\"potentialAction\":[{\"@type\":\"SearchAction\",\"target\":{\"@type\":\"EntryPoint\",\"urlTemplate\":\"https:\\\/\\\/empresaysociedad.cetisa.com.py\\\/?s={search_term_string}\"},\"query-input\":{\"@type\":\"PropertyValueSpecification\",\"valueRequired\":true,\"valueName\":\"search_term_string\"}}],\"inLanguage\":\"es\"},{\"@type\":\"Organization\",\"@id\":\"https:\\\/\\\/empresaysociedad.cetisa.com.py\\\/#organization\",\"name\":\"Empresa &amp; Sociedad\",\"url\":\"https:\\\/\\\/empresaysociedad.cetisa.com.py\\\/\",\"logo\":{\"@type\":\"ImageObject\",\"inLanguage\":\"es\",\"@id\":\"https:\\\/\\\/empresaysociedad.cetisa.com.py\\\/#\\\/schema\\\/logo\\\/image\\\/\",\"url\":\"https:\\\/\\\/empresaysociedad.cetisa.com.py\\\/wp-content\\\/uploads\\\/2023\\\/06\\\/cropped-cropped-logo-1.png\",\"contentUrl\":\"https:\\\/\\\/empresaysociedad.cetisa.com.py\\\/wp-content\\\/uploads\\\/2023\\\/06\\\/cropped-cropped-logo-1.png\",\"width\":250,\"height\":250,\"caption\":\"Empresa &amp; Sociedad\"},\"image\":{\"@id\":\"https:\\\/\\\/empresaysociedad.cetisa.com.py\\\/#\\\/schema\\\/logo\\\/image\\\/\"}},{\"@type\":\"Person\",\"@id\":\"https:\\\/\\\/empresaysociedad.cetisa.com.py\\\/#\\\/schema\\\/person\\\/31ef97ddfd4646f44252e45ab28e859a\",\"name\":\"administrador\",\"image\":{\"@type\":\"ImageObject\",\"inLanguage\":\"es\",\"@id\":\"https:\\\/\\\/secure.gravatar.com\\\/avatar\\\/d1eb6932c4e19eae45646071f4fdc2953db246f653160fbf8ec86c295e341716?s=96&d=mm&r=g\",\"url\":\"https:\\\/\\\/secure.gravatar.com\\\/avatar\\\/d1eb6932c4e19eae45646071f4fdc2953db246f653160fbf8ec86c295e341716?s=96&d=mm&r=g\",\"contentUrl\":\"https:\\\/\\\/secure.gravatar.com\\\/avatar\\\/d1eb6932c4e19eae45646071f4fdc2953db246f653160fbf8ec86c295e341716?s=96&d=mm&r=g\",\"caption\":\"administrador\"},\"url\":\"https:\\\/\\\/empresaysociedad.cetisa.com.py\\\/index.php\\\/author\\\/kari\\\/\"}]}<\/script>\n<!-- \/ Yoast SEO plugin. -->","yoast_head_json":{"title":"ENCUESTA PERMANENTE INCLUSI\u00d3N Y DISCAPACIDADES - Empresa &amp; Sociedad","robots":{"index":"index","follow":"follow","max-snippet":"max-snippet:-1","max-image-preview":"max-image-preview:large","max-video-preview":"max-video-preview:-1"},"canonical":"https:\/\/empresaysociedad.cetisa.com.py\/index.php\/2022\/04\/11\/encuesta-permanente-inclusion-y-discapacidades\/","og_locale":"es_ES","og_type":"article","og_title":"ENCUESTA PERMANENTE INCLUSI\u00d3N Y DISCAPACIDADES - Empresa &amp; Sociedad","og_description":"Esta investigaci\u00f3n interna busca caracterizar la poblaci\u00f3n del estudiantado actual de la Universidad Cat\u00f3lica Nuestra Se\u00f1ora de la Asunci\u00f3n &#8211; Campus Alto Paran\u00e1 en lo que respecta al criterio INCLUSION Resultados Parciales al 30 de Marzo de 2022","og_url":"https:\/\/empresaysociedad.cetisa.com.py\/index.php\/2022\/04\/11\/encuesta-permanente-inclusion-y-discapacidades\/","og_site_name":"Empresa &amp; Sociedad","article_published_time":"2022-04-11T20:21:58+00:00","og_image":[{"url":"http:\/\/empresaysociedad.cetiparaguay.com\/wp-content\/uploads\/2022\/04\/ENCUESTA-PERMANENTE-1.jpg","type":"","width":"","height":""}],"author":"administrador","twitter_card":"summary_large_image","twitter_misc":{"Escrito por":"administrador"},"schema":{"@context":"https:\/\/schema.org","@graph":[{"@type":"Article","@id":"https:\/\/empresaysociedad.cetisa.com.py\/index.php\/2022\/04\/11\/encuesta-permanente-inclusion-y-discapacidades\/#article","isPartOf":{"@id":"https:\/\/empresaysociedad.cetisa.com.py\/index.php\/2022\/04\/11\/encuesta-permanente-inclusion-y-discapacidades\/"},"author":{"name":"administrador","@id":"https:\/\/empresaysociedad.cetisa.com.py\/#\/schema\/person\/31ef97ddfd4646f44252e45ab28e859a"},"headline":"ENCUESTA PERMANENTE INCLUSI\u00d3N Y DISCAPACIDADES","datePublished":"2022-04-11T20:21:58+00:00","mainEntityOfPage":{"@id":"https:\/\/empresaysociedad.cetisa.com.py\/index.php\/2022\/04\/11\/encuesta-permanente-inclusion-y-discapacidades\/"},"wordCount":47,"commentCount":0,"publisher":{"@id":"https:\/\/empresaysociedad.cetisa.com.py\/#organization"},"image":{"@id":"https:\/\/empresaysociedad.cetisa.com.py\/index.php\/2022\/04\/11\/encuesta-permanente-inclusion-y-discapacidades\/#primaryimage"},"thumbnailUrl":"https:\/\/empresaysociedad.cetisa.com.py\/wp-content\/uploads\/2022\/04\/ENCUESTA-PERMANENTE-1.jpg","articleSection":["Extensi\u00f3n universitaria"],"inLanguage":"es","potentialAction":[{"@type":"CommentAction","name":"Comment","target":["https:\/\/empresaysociedad.cetisa.com.py\/index.php\/2022\/04\/11\/encuesta-permanente-inclusion-y-discapacidades\/#respond"]}]},{"@type":"WebPage","@id":"https:\/\/empresaysociedad.cetisa.com.py\/index.php\/2022\/04\/11\/encuesta-permanente-inclusion-y-discapacidades\/","url":"https:\/\/empresaysociedad.cetisa.com.py\/index.php\/2022\/04\/11\/encuesta-permanente-inclusion-y-discapacidades\/","name":"ENCUESTA PERMANENTE INCLUSI\u00d3N Y DISCAPACIDADES - Empresa &amp; Sociedad","isPartOf":{"@id":"https:\/\/empresaysociedad.cetisa.com.py\/#website"},"primaryImageOfPage":{"@id":"https:\/\/empresaysociedad.cetisa.com.py\/index.php\/2022\/04\/11\/encuesta-permanente-inclusion-y-discapacidades\/#primaryimage"},"image":{"@id":"https:\/\/empresaysociedad.cetisa.com.py\/index.php\/2022\/04\/11\/encuesta-permanente-inclusion-y-discapacidades\/#primaryimage"},"thumbnailUrl":"https:\/\/empresaysociedad.cetisa.com.py\/wp-content\/uploads\/2022\/04\/ENCUESTA-PERMANENTE-1.jpg","datePublished":"2022-04-11T20:21:58+00:00","breadcrumb":{"@id":"https:\/\/empresaysociedad.cetisa.com.py\/index.php\/2022\/04\/11\/encuesta-permanente-inclusion-y-discapacidades\/#breadcrumb"},"inLanguage":"es","potentialAction":[{"@type":"ReadAction","target":["https:\/\/empresaysociedad.cetisa.com.py\/index.php\/2022\/04\/11\/encuesta-permanente-inclusion-y-discapacidades\/"]}]},{"@type":"ImageObject","inLanguage":"es","@id":"https:\/\/empresaysociedad.cetisa.com.py\/index.php\/2022\/04\/11\/encuesta-permanente-inclusion-y-discapacidades\/#primaryimage","url":"https:\/\/empresaysociedad.cetisa.com.py\/wp-content\/uploads\/2022\/04\/ENCUESTA-PERMANENTE-1.jpg","contentUrl":"https:\/\/empresaysociedad.cetisa.com.py\/wp-content\/uploads\/2022\/04\/ENCUESTA-PERMANENTE-1.jpg","width":730,"height":410},{"@type":"BreadcrumbList","@id":"https:\/\/empresaysociedad.cetisa.com.py\/index.php\/2022\/04\/11\/encuesta-permanente-inclusion-y-discapacidades\/#breadcrumb","itemListElement":[{"@type":"ListItem","position":1,"name":"Portada","item":"https:\/\/empresaysociedad.cetisa.com.py\/"},{"@type":"ListItem","position":2,"name":"ENCUESTA PERMANENTE INCLUSI\u00d3N Y DISCAPACIDADES"}]},{"@type":"WebSite","@id":"https:\/\/empresaysociedad.cetisa.com.py\/#website","url":"https:\/\/empresaysociedad.cetisa.com.py\/","name":"Empresa &amp; Sociedad","description":"","publisher":{"@id":"https:\/\/empresaysociedad.cetisa.com.py\/#organization"},"potentialAction":[{"@type":"SearchAction","target":{"@type":"EntryPoint","urlTemplate":"https:\/\/empresaysociedad.cetisa.com.py\/?s={search_term_string}"},"query-input":{"@type":"PropertyValueSpecification","valueRequired":true,"valueName":"search_term_string"}}],"inLanguage":"es"},{"@type":"Organization","@id":"https:\/\/empresaysociedad.cetisa.com.py\/#organization","name":"Empresa &amp; Sociedad","url":"https:\/\/empresaysociedad.cetisa.com.py\/","logo":{"@type":"ImageObject","inLanguage":"es","@id":"https:\/\/empresaysociedad.cetisa.com.py\/#\/schema\/logo\/image\/","url":"https:\/\/empresaysociedad.cetisa.com.py\/wp-content\/uploads\/2023\/06\/cropped-cropped-logo-1.png","contentUrl":"https:\/\/empresaysociedad.cetisa.com.py\/wp-content\/uploads\/2023\/06\/cropped-cropped-logo-1.png","width":250,"height":250,"caption":"Empresa &amp; Sociedad"},"image":{"@id":"https:\/\/empresaysociedad.cetisa.com.py\/#\/schema\/logo\/image\/"}},{"@type":"Person","@id":"https:\/\/empresaysociedad.cetisa.com.py\/#\/schema\/person\/31ef97ddfd4646f44252e45ab28e859a","name":"administrador","image":{"@type":"ImageObject","inLanguage":"es","@id":"https:\/\/secure.gravatar.com\/avatar\/d1eb6932c4e19eae45646071f4fdc2953db246f653160fbf8ec86c295e341716?s=96&d=mm&r=g","url":"https:\/\/secure.gravatar.com\/avatar\/d1eb6932c4e19eae45646071f4fdc2953db246f653160fbf8ec86c295e341716?s=96&d=mm&r=g","contentUrl":"https:\/\/secure.gravatar.com\/avatar\/d1eb6932c4e19eae45646071f4fdc2953db246f653160fbf8ec86c295e341716?s=96&d=mm&r=g","caption":"administrador"},"url":"https:\/\/empresaysociedad.cetisa.com.py\/index.php\/author\/kari\/"}]}},"_links":{"self":[{"href":"https:\/\/empresaysociedad.cetisa.com.py\/index.php\/wp-json\/wp\/v2\/posts\/671","targetHints":{"allow":["GET"]}}],"collection":[{"href":"https:\/\/empresaysociedad.cetisa.com.py\/index.php\/wp-json\/wp\/v2\/posts"}],"about":[{"href":"https:\/\/empresaysociedad.cetisa.com.py\/index.php\/wp-json\/wp\/v2\/types\/post"}],"author":[{"embeddable":true,"href":"https:\/\/empresaysociedad.cetisa.com.py\/index.php\/wp-json\/wp\/v2\/users\/3"}],"replies":[{"embeddable":true,"href":"https:\/\/empresaysociedad.cetisa.com.py\/index.php\/wp-json\/wp\/v2\/comments?post=671"}],"version-history":[{"count":0,"href":"https:\/\/empresaysociedad.cetisa.com.py\/index.php\/wp-json\/wp\/v2\/posts\/671\/revisions"}],"wp:attachment":[{"href":"https:\/\/empresaysociedad.cetisa.com.py\/index.php\/wp-json\/wp\/v2\/media?parent=671"}],"wp:term":[{"taxonomy":"category","embeddable":true,"href":"https:\/\/empresaysociedad.cetisa.com.py\/index.php\/wp-json\/wp\/v2\/categories?post=671"},{"taxonomy":"post_tag","embeddable":true,"href":"https:\/\/empresaysociedad.cetisa.com.py\/index.php\/wp-json\/wp\/v2\/tags?post=671"}],"curies":[{"name":"wp","href":"https:\/\/api.w.org\/{rel}","templated":true}]}}