{"id":692,"date":"2022-04-19T12:40:27","date_gmt":"2022-04-19T12:40:27","guid":{"rendered":"http:\/\/empresaysociedad.cetiparaguay.com\/?p=692"},"modified":"2022-04-19T12:40:27","modified_gmt":"2022-04-19T12:40:27","slug":"resultados-principales-de-la-evaluacion-de-conocimientos-de-la-comunidad-sobre-educacion-inclusiva","status":"publish","type":"post","link":"https:\/\/empresaysociedad.cetisa.com.py\/index.php\/2022\/04\/19\/resultados-principales-de-la-evaluacion-de-conocimientos-de-la-comunidad-sobre-educacion-inclusiva\/","title":{"rendered":"Resultados principales de la evaluaci\u00f3n de conocimientos de la comunidad sobre Educaci\u00f3n Inclusiva."},"content":{"rendered":"\n<p>El estudio fue realizado en el mes de septiembre de 2021 en cooperaci\u00f3n con los t\u00e9cnicos de la Consultora CETISA.<\/p>\n\n\n\n<figure class=\"wp-block-image\"><img decoding=\"async\" src=\"blob:http:\/\/empresaysociedad.cetiparaguay.com\/28d15e7b-2a0c-41e4-a29d-022cf3392bce\" alt=\"\"\/><figcaption>Los resultados provisorios indican que un porcentaje importante de la poblaci\u00f3n auscultada cree conocer el concepto evaluado, pero tambi\u00e9n indican baja claridad en su comprensi\u00f3n (mucha confusi\u00f3n de conceptos).<\/figcaption><\/figure>\n\n\n\n<figure class=\"wp-block-image\"><img loading=\"lazy\" decoding=\"async\" width=\"1024\" height=\"422\" src=\"https:\/\/empresaysociedad.cetisa.com.py\/wp-content\/uploads\/2022\/04\/Educacion-inclusiva-1-1-1024x422.png\" alt=\"\" class=\"wp-image-694\" srcset=\"https:\/\/empresaysociedad.cetisa.com.py\/wp-content\/uploads\/2022\/04\/Educacion-inclusiva-1-1-1024x422.png 1024w, https:\/\/empresaysociedad.cetisa.com.py\/wp-content\/uploads\/2022\/04\/Educacion-inclusiva-1-1-300x124.png 300w, https:\/\/empresaysociedad.cetisa.com.py\/wp-content\/uploads\/2022\/04\/Educacion-inclusiva-1-1-768x316.png 768w, https:\/\/empresaysociedad.cetisa.com.py\/wp-content\/uploads\/2022\/04\/Educacion-inclusiva-1-1.png 1211w\" sizes=\"auto, (max-width: 767px) 89vw, (max-width: 1000px) 54vw, (max-width: 1071px) 543px, 580px\" \/><\/figure>\n\n\n\n<figure class=\"wp-block-image\"><img loading=\"lazy\" decoding=\"async\" width=\"1024\" height=\"422\" src=\"https:\/\/empresaysociedad.cetisa.com.py\/wp-content\/uploads\/2022\/04\/Educacion-inclusiva-2-1024x422.png\" alt=\"\" class=\"wp-image-695\" srcset=\"https:\/\/empresaysociedad.cetisa.com.py\/wp-content\/uploads\/2022\/04\/Educacion-inclusiva-2-1024x422.png 1024w, https:\/\/empresaysociedad.cetisa.com.py\/wp-content\/uploads\/2022\/04\/Educacion-inclusiva-2-300x124.png 300w, https:\/\/empresaysociedad.cetisa.com.py\/wp-content\/uploads\/2022\/04\/Educacion-inclusiva-2-768x316.png 768w, https:\/\/empresaysociedad.cetisa.com.py\/wp-content\/uploads\/2022\/04\/Educacion-inclusiva-2.png 1211w\" sizes=\"auto, (max-width: 767px) 89vw, (max-width: 1000px) 54vw, (max-width: 1071px) 543px, 580px\" \/><\/figure>\n\n\n\n<figure class=\"wp-block-image\"><img decoding=\"async\" src=\"https:\/\/empresaysociedad.cetisa.com.py\/wp-content\/uploads\/2022\/04\/Educacion-inclusiva-3-1024x466.png\" alt=\"\" class=\"wp-image-696\"\/><figcaption>Mapa de relaciones resultante (t\u00e9rminos asociados)<\/figcaption><\/figure>\n\n\n\n<figure class=\"wp-block-image\"><img decoding=\"async\" src=\"https:\/\/empresaysociedad.cetisa.com.py\/wp-content\/uploads\/2022\/04\/Educacion-inclusiva-4.png\" alt=\"\" class=\"wp-image-697\"\/><figcaption>Frecuencia y peso de interconexi\u00f3n de t\u00e9rminos. (An\u00e1lisis Cualitativo realizado con MaxQDA)<\/figcaption><\/figure>\n\n\n\n<h2 class=\"wp-block-heading\"><\/h2>\n\n\n","protected":false},"excerpt":{"rendered":"<p>El estudio fue realizado en el mes de septiembre de 2021 en cooperaci\u00f3n con los t\u00e9cnicos de la Consultora CETISA.<\/p>\n","protected":false},"author":3,"featured_media":0,"comment_status":"open","ping_status":"closed","sticky":false,"template":"","format":"standard","meta":{"footnotes":""},"categories":[3],"tags":[],"class_list":["post-692","post","type-post","status-publish","format-standard","hentry","category-investigacion"],"yoast_head":"<!-- This site is optimized with the Yoast SEO plugin v27.4 - https:\/\/yoast.com\/product\/yoast-seo-wordpress\/ -->\n<title>Resultados principales de la evaluaci\u00f3n de conocimientos de la comunidad sobre Educaci\u00f3n Inclusiva. - Empresa &amp; Sociedad<\/title>\n<meta name=\"robots\" content=\"index, follow, max-snippet:-1, max-image-preview:large, max-video-preview:-1\" \/>\n<link rel=\"canonical\" href=\"https:\/\/empresaysociedad.cetisa.com.py\/index.php\/2022\/04\/19\/resultados-principales-de-la-evaluacion-de-conocimientos-de-la-comunidad-sobre-educacion-inclusiva\/\" \/>\n<meta property=\"og:locale\" content=\"es_ES\" \/>\n<meta property=\"og:type\" content=\"article\" \/>\n<meta property=\"og:title\" content=\"Resultados principales de la evaluaci\u00f3n de conocimientos de la comunidad sobre Educaci\u00f3n Inclusiva. - Empresa &amp; Sociedad\" \/>\n<meta property=\"og:description\" content=\"El estudio fue realizado en el mes de septiembre de 2021 en cooperaci\u00f3n con los t\u00e9cnicos de la Consultora CETISA.\" \/>\n<meta property=\"og:url\" content=\"https:\/\/empresaysociedad.cetisa.com.py\/index.php\/2022\/04\/19\/resultados-principales-de-la-evaluacion-de-conocimientos-de-la-comunidad-sobre-educacion-inclusiva\/\" \/>\n<meta property=\"og:site_name\" content=\"Empresa &amp; Sociedad\" \/>\n<meta property=\"article:published_time\" content=\"2022-04-19T12:40:27+00:00\" \/>\n<meta property=\"og:image\" content=\"http:\/\/empresaysociedad.cetiparaguay.com\/wp-content\/uploads\/2022\/04\/Educacion-inclusiva-1-1-1024x422.png\" \/>\n<meta name=\"author\" content=\"administrador\" \/>\n<meta name=\"twitter:card\" content=\"summary_large_image\" \/>\n<meta name=\"twitter:label1\" content=\"Escrito por\" \/>\n\t<meta name=\"twitter:data1\" content=\"administrador\" \/>\n<script type=\"application\/ld+json\" class=\"yoast-schema-graph\">{\"@context\":\"https:\\\/\\\/schema.org\",\"@graph\":[{\"@type\":\"Article\",\"@id\":\"https:\\\/\\\/empresaysociedad.cetisa.com.py\\\/index.php\\\/2022\\\/04\\\/19\\\/resultados-principales-de-la-evaluacion-de-conocimientos-de-la-comunidad-sobre-educacion-inclusiva\\\/#article\",\"isPartOf\":{\"@id\":\"https:\\\/\\\/empresaysociedad.cetisa.com.py\\\/index.php\\\/2022\\\/04\\\/19\\\/resultados-principales-de-la-evaluacion-de-conocimientos-de-la-comunidad-sobre-educacion-inclusiva\\\/\"},\"author\":{\"name\":\"administrador\",\"@id\":\"https:\\\/\\\/empresaysociedad.cetisa.com.py\\\/#\\\/schema\\\/person\\\/31ef97ddfd4646f44252e45ab28e859a\"},\"headline\":\"Resultados principales de la evaluaci\u00f3n de conocimientos de la comunidad sobre Educaci\u00f3n Inclusiva.\",\"datePublished\":\"2022-04-19T12:40:27+00:00\",\"mainEntityOfPage\":{\"@id\":\"https:\\\/\\\/empresaysociedad.cetisa.com.py\\\/index.php\\\/2022\\\/04\\\/19\\\/resultados-principales-de-la-evaluacion-de-conocimientos-de-la-comunidad-sobre-educacion-inclusiva\\\/\"},\"wordCount\":91,\"commentCount\":0,\"publisher\":{\"@id\":\"https:\\\/\\\/empresaysociedad.cetisa.com.py\\\/#organization\"},\"image\":{\"@id\":\"https:\\\/\\\/empresaysociedad.cetisa.com.py\\\/index.php\\\/2022\\\/04\\\/19\\\/resultados-principales-de-la-evaluacion-de-conocimientos-de-la-comunidad-sobre-educacion-inclusiva\\\/#primaryimage\"},\"thumbnailUrl\":\"https:\\\/\\\/empresaysociedad.cetisa.com.py\\\/wp-content\\\/uploads\\\/2022\\\/04\\\/Educacion-inclusiva-1-1-1024x422.png\",\"articleSection\":[\"Investigaci\u00f3n\"],\"inLanguage\":\"es\",\"potentialAction\":[{\"@type\":\"CommentAction\",\"name\":\"Comment\",\"target\":[\"https:\\\/\\\/empresaysociedad.cetisa.com.py\\\/index.php\\\/2022\\\/04\\\/19\\\/resultados-principales-de-la-evaluacion-de-conocimientos-de-la-comunidad-sobre-educacion-inclusiva\\\/#respond\"]}]},{\"@type\":\"WebPage\",\"@id\":\"https:\\\/\\\/empresaysociedad.cetisa.com.py\\\/index.php\\\/2022\\\/04\\\/19\\\/resultados-principales-de-la-evaluacion-de-conocimientos-de-la-comunidad-sobre-educacion-inclusiva\\\/\",\"url\":\"https:\\\/\\\/empresaysociedad.cetisa.com.py\\\/index.php\\\/2022\\\/04\\\/19\\\/resultados-principales-de-la-evaluacion-de-conocimientos-de-la-comunidad-sobre-educacion-inclusiva\\\/\",\"name\":\"Resultados principales de la evaluaci\u00f3n de conocimientos de la comunidad sobre Educaci\u00f3n Inclusiva. - Empresa &amp; Sociedad\",\"isPartOf\":{\"@id\":\"https:\\\/\\\/empresaysociedad.cetisa.com.py\\\/#website\"},\"primaryImageOfPage\":{\"@id\":\"https:\\\/\\\/empresaysociedad.cetisa.com.py\\\/index.php\\\/2022\\\/04\\\/19\\\/resultados-principales-de-la-evaluacion-de-conocimientos-de-la-comunidad-sobre-educacion-inclusiva\\\/#primaryimage\"},\"image\":{\"@id\":\"https:\\\/\\\/empresaysociedad.cetisa.com.py\\\/index.php\\\/2022\\\/04\\\/19\\\/resultados-principales-de-la-evaluacion-de-conocimientos-de-la-comunidad-sobre-educacion-inclusiva\\\/#primaryimage\"},\"thumbnailUrl\":\"https:\\\/\\\/empresaysociedad.cetisa.com.py\\\/wp-content\\\/uploads\\\/2022\\\/04\\\/Educacion-inclusiva-1-1-1024x422.png\",\"datePublished\":\"2022-04-19T12:40:27+00:00\",\"breadcrumb\":{\"@id\":\"https:\\\/\\\/empresaysociedad.cetisa.com.py\\\/index.php\\\/2022\\\/04\\\/19\\\/resultados-principales-de-la-evaluacion-de-conocimientos-de-la-comunidad-sobre-educacion-inclusiva\\\/#breadcrumb\"},\"inLanguage\":\"es\",\"potentialAction\":[{\"@type\":\"ReadAction\",\"target\":[\"https:\\\/\\\/empresaysociedad.cetisa.com.py\\\/index.php\\\/2022\\\/04\\\/19\\\/resultados-principales-de-la-evaluacion-de-conocimientos-de-la-comunidad-sobre-educacion-inclusiva\\\/\"]}]},{\"@type\":\"ImageObject\",\"inLanguage\":\"es\",\"@id\":\"https:\\\/\\\/empresaysociedad.cetisa.com.py\\\/index.php\\\/2022\\\/04\\\/19\\\/resultados-principales-de-la-evaluacion-de-conocimientos-de-la-comunidad-sobre-educacion-inclusiva\\\/#primaryimage\",\"url\":\"https:\\\/\\\/empresaysociedad.cetisa.com.py\\\/wp-content\\\/uploads\\\/2022\\\/04\\\/Educacion-inclusiva-1-1.png\",\"contentUrl\":\"https:\\\/\\\/empresaysociedad.cetisa.com.py\\\/wp-content\\\/uploads\\\/2022\\\/04\\\/Educacion-inclusiva-1-1.png\",\"width\":1211,\"height\":499},{\"@type\":\"BreadcrumbList\",\"@id\":\"https:\\\/\\\/empresaysociedad.cetisa.com.py\\\/index.php\\\/2022\\\/04\\\/19\\\/resultados-principales-de-la-evaluacion-de-conocimientos-de-la-comunidad-sobre-educacion-inclusiva\\\/#breadcrumb\",\"itemListElement\":[{\"@type\":\"ListItem\",\"position\":1,\"name\":\"Portada\",\"item\":\"https:\\\/\\\/empresaysociedad.cetisa.com.py\\\/\"},{\"@type\":\"ListItem\",\"position\":2,\"name\":\"Resultados principales de la evaluaci\u00f3n de conocimientos de la comunidad sobre Educaci\u00f3n Inclusiva.\"}]},{\"@type\":\"WebSite\",\"@id\":\"https:\\\/\\\/empresaysociedad.cetisa.com.py\\\/#website\",\"url\":\"https:\\\/\\\/empresaysociedad.cetisa.com.py\\\/\",\"name\":\"Empresa &amp; Sociedad\",\"description\":\"\",\"publisher\":{\"@id\":\"https:\\\/\\\/empresaysociedad.cetisa.com.py\\\/#organization\"},\"potentialAction\":[{\"@type\":\"SearchAction\",\"target\":{\"@type\":\"EntryPoint\",\"urlTemplate\":\"https:\\\/\\\/empresaysociedad.cetisa.com.py\\\/?s={search_term_string}\"},\"query-input\":{\"@type\":\"PropertyValueSpecification\",\"valueRequired\":true,\"valueName\":\"search_term_string\"}}],\"inLanguage\":\"es\"},{\"@type\":\"Organization\",\"@id\":\"https:\\\/\\\/empresaysociedad.cetisa.com.py\\\/#organization\",\"name\":\"Empresa &amp; Sociedad\",\"url\":\"https:\\\/\\\/empresaysociedad.cetisa.com.py\\\/\",\"logo\":{\"@type\":\"ImageObject\",\"inLanguage\":\"es\",\"@id\":\"https:\\\/\\\/empresaysociedad.cetisa.com.py\\\/#\\\/schema\\\/logo\\\/image\\\/\",\"url\":\"https:\\\/\\\/empresaysociedad.cetisa.com.py\\\/wp-content\\\/uploads\\\/2023\\\/06\\\/cropped-cropped-logo-1.png\",\"contentUrl\":\"https:\\\/\\\/empresaysociedad.cetisa.com.py\\\/wp-content\\\/uploads\\\/2023\\\/06\\\/cropped-cropped-logo-1.png\",\"width\":250,\"height\":250,\"caption\":\"Empresa &amp; Sociedad\"},\"image\":{\"@id\":\"https:\\\/\\\/empresaysociedad.cetisa.com.py\\\/#\\\/schema\\\/logo\\\/image\\\/\"}},{\"@type\":\"Person\",\"@id\":\"https:\\\/\\\/empresaysociedad.cetisa.com.py\\\/#\\\/schema\\\/person\\\/31ef97ddfd4646f44252e45ab28e859a\",\"name\":\"administrador\",\"image\":{\"@type\":\"ImageObject\",\"inLanguage\":\"es\",\"@id\":\"https:\\\/\\\/secure.gravatar.com\\\/avatar\\\/d1eb6932c4e19eae45646071f4fdc2953db246f653160fbf8ec86c295e341716?s=96&d=mm&r=g\",\"url\":\"https:\\\/\\\/secure.gravatar.com\\\/avatar\\\/d1eb6932c4e19eae45646071f4fdc2953db246f653160fbf8ec86c295e341716?s=96&d=mm&r=g\",\"contentUrl\":\"https:\\\/\\\/secure.gravatar.com\\\/avatar\\\/d1eb6932c4e19eae45646071f4fdc2953db246f653160fbf8ec86c295e341716?s=96&d=mm&r=g\",\"caption\":\"administrador\"},\"url\":\"https:\\\/\\\/empresaysociedad.cetisa.com.py\\\/index.php\\\/author\\\/kari\\\/\"}]}<\/script>\n<!-- \/ Yoast SEO plugin. -->","yoast_head_json":{"title":"Resultados principales de la evaluaci\u00f3n de conocimientos de la comunidad sobre Educaci\u00f3n Inclusiva. - Empresa &amp; Sociedad","robots":{"index":"index","follow":"follow","max-snippet":"max-snippet:-1","max-image-preview":"max-image-preview:large","max-video-preview":"max-video-preview:-1"},"canonical":"https:\/\/empresaysociedad.cetisa.com.py\/index.php\/2022\/04\/19\/resultados-principales-de-la-evaluacion-de-conocimientos-de-la-comunidad-sobre-educacion-inclusiva\/","og_locale":"es_ES","og_type":"article","og_title":"Resultados principales de la evaluaci\u00f3n de conocimientos de la comunidad sobre Educaci\u00f3n Inclusiva. - Empresa &amp; Sociedad","og_description":"El estudio fue realizado en el mes de septiembre de 2021 en cooperaci\u00f3n con los t\u00e9cnicos de la Consultora CETISA.","og_url":"https:\/\/empresaysociedad.cetisa.com.py\/index.php\/2022\/04\/19\/resultados-principales-de-la-evaluacion-de-conocimientos-de-la-comunidad-sobre-educacion-inclusiva\/","og_site_name":"Empresa &amp; Sociedad","article_published_time":"2022-04-19T12:40:27+00:00","og_image":[{"url":"http:\/\/empresaysociedad.cetiparaguay.com\/wp-content\/uploads\/2022\/04\/Educacion-inclusiva-1-1-1024x422.png","type":"","width":"","height":""}],"author":"administrador","twitter_card":"summary_large_image","twitter_misc":{"Escrito por":"administrador"},"schema":{"@context":"https:\/\/schema.org","@graph":[{"@type":"Article","@id":"https:\/\/empresaysociedad.cetisa.com.py\/index.php\/2022\/04\/19\/resultados-principales-de-la-evaluacion-de-conocimientos-de-la-comunidad-sobre-educacion-inclusiva\/#article","isPartOf":{"@id":"https:\/\/empresaysociedad.cetisa.com.py\/index.php\/2022\/04\/19\/resultados-principales-de-la-evaluacion-de-conocimientos-de-la-comunidad-sobre-educacion-inclusiva\/"},"author":{"name":"administrador","@id":"https:\/\/empresaysociedad.cetisa.com.py\/#\/schema\/person\/31ef97ddfd4646f44252e45ab28e859a"},"headline":"Resultados principales de la evaluaci\u00f3n de conocimientos de la comunidad sobre Educaci\u00f3n Inclusiva.","datePublished":"2022-04-19T12:40:27+00:00","mainEntityOfPage":{"@id":"https:\/\/empresaysociedad.cetisa.com.py\/index.php\/2022\/04\/19\/resultados-principales-de-la-evaluacion-de-conocimientos-de-la-comunidad-sobre-educacion-inclusiva\/"},"wordCount":91,"commentCount":0,"publisher":{"@id":"https:\/\/empresaysociedad.cetisa.com.py\/#organization"},"image":{"@id":"https:\/\/empresaysociedad.cetisa.com.py\/index.php\/2022\/04\/19\/resultados-principales-de-la-evaluacion-de-conocimientos-de-la-comunidad-sobre-educacion-inclusiva\/#primaryimage"},"thumbnailUrl":"https:\/\/empresaysociedad.cetisa.com.py\/wp-content\/uploads\/2022\/04\/Educacion-inclusiva-1-1-1024x422.png","articleSection":["Investigaci\u00f3n"],"inLanguage":"es","potentialAction":[{"@type":"CommentAction","name":"Comment","target":["https:\/\/empresaysociedad.cetisa.com.py\/index.php\/2022\/04\/19\/resultados-principales-de-la-evaluacion-de-conocimientos-de-la-comunidad-sobre-educacion-inclusiva\/#respond"]}]},{"@type":"WebPage","@id":"https:\/\/empresaysociedad.cetisa.com.py\/index.php\/2022\/04\/19\/resultados-principales-de-la-evaluacion-de-conocimientos-de-la-comunidad-sobre-educacion-inclusiva\/","url":"https:\/\/empresaysociedad.cetisa.com.py\/index.php\/2022\/04\/19\/resultados-principales-de-la-evaluacion-de-conocimientos-de-la-comunidad-sobre-educacion-inclusiva\/","name":"Resultados principales de la evaluaci\u00f3n de conocimientos de la comunidad sobre Educaci\u00f3n Inclusiva. - Empresa &amp; Sociedad","isPartOf":{"@id":"https:\/\/empresaysociedad.cetisa.com.py\/#website"},"primaryImageOfPage":{"@id":"https:\/\/empresaysociedad.cetisa.com.py\/index.php\/2022\/04\/19\/resultados-principales-de-la-evaluacion-de-conocimientos-de-la-comunidad-sobre-educacion-inclusiva\/#primaryimage"},"image":{"@id":"https:\/\/empresaysociedad.cetisa.com.py\/index.php\/2022\/04\/19\/resultados-principales-de-la-evaluacion-de-conocimientos-de-la-comunidad-sobre-educacion-inclusiva\/#primaryimage"},"thumbnailUrl":"https:\/\/empresaysociedad.cetisa.com.py\/wp-content\/uploads\/2022\/04\/Educacion-inclusiva-1-1-1024x422.png","datePublished":"2022-04-19T12:40:27+00:00","breadcrumb":{"@id":"https:\/\/empresaysociedad.cetisa.com.py\/index.php\/2022\/04\/19\/resultados-principales-de-la-evaluacion-de-conocimientos-de-la-comunidad-sobre-educacion-inclusiva\/#breadcrumb"},"inLanguage":"es","potentialAction":[{"@type":"ReadAction","target":["https:\/\/empresaysociedad.cetisa.com.py\/index.php\/2022\/04\/19\/resultados-principales-de-la-evaluacion-de-conocimientos-de-la-comunidad-sobre-educacion-inclusiva\/"]}]},{"@type":"ImageObject","inLanguage":"es","@id":"https:\/\/empresaysociedad.cetisa.com.py\/index.php\/2022\/04\/19\/resultados-principales-de-la-evaluacion-de-conocimientos-de-la-comunidad-sobre-educacion-inclusiva\/#primaryimage","url":"https:\/\/empresaysociedad.cetisa.com.py\/wp-content\/uploads\/2022\/04\/Educacion-inclusiva-1-1.png","contentUrl":"https:\/\/empresaysociedad.cetisa.com.py\/wp-content\/uploads\/2022\/04\/Educacion-inclusiva-1-1.png","width":1211,"height":499},{"@type":"BreadcrumbList","@id":"https:\/\/empresaysociedad.cetisa.com.py\/index.php\/2022\/04\/19\/resultados-principales-de-la-evaluacion-de-conocimientos-de-la-comunidad-sobre-educacion-inclusiva\/#breadcrumb","itemListElement":[{"@type":"ListItem","position":1,"name":"Portada","item":"https:\/\/empresaysociedad.cetisa.com.py\/"},{"@type":"ListItem","position":2,"name":"Resultados principales de la evaluaci\u00f3n de conocimientos de la comunidad sobre Educaci\u00f3n Inclusiva."}]},{"@type":"WebSite","@id":"https:\/\/empresaysociedad.cetisa.com.py\/#website","url":"https:\/\/empresaysociedad.cetisa.com.py\/","name":"Empresa &amp; Sociedad","description":"","publisher":{"@id":"https:\/\/empresaysociedad.cetisa.com.py\/#organization"},"potentialAction":[{"@type":"SearchAction","target":{"@type":"EntryPoint","urlTemplate":"https:\/\/empresaysociedad.cetisa.com.py\/?s={search_term_string}"},"query-input":{"@type":"PropertyValueSpecification","valueRequired":true,"valueName":"search_term_string"}}],"inLanguage":"es"},{"@type":"Organization","@id":"https:\/\/empresaysociedad.cetisa.com.py\/#organization","name":"Empresa &amp; Sociedad","url":"https:\/\/empresaysociedad.cetisa.com.py\/","logo":{"@type":"ImageObject","inLanguage":"es","@id":"https:\/\/empresaysociedad.cetisa.com.py\/#\/schema\/logo\/image\/","url":"https:\/\/empresaysociedad.cetisa.com.py\/wp-content\/uploads\/2023\/06\/cropped-cropped-logo-1.png","contentUrl":"https:\/\/empresaysociedad.cetisa.com.py\/wp-content\/uploads\/2023\/06\/cropped-cropped-logo-1.png","width":250,"height":250,"caption":"Empresa &amp; Sociedad"},"image":{"@id":"https:\/\/empresaysociedad.cetisa.com.py\/#\/schema\/logo\/image\/"}},{"@type":"Person","@id":"https:\/\/empresaysociedad.cetisa.com.py\/#\/schema\/person\/31ef97ddfd4646f44252e45ab28e859a","name":"administrador","image":{"@type":"ImageObject","inLanguage":"es","@id":"https:\/\/secure.gravatar.com\/avatar\/d1eb6932c4e19eae45646071f4fdc2953db246f653160fbf8ec86c295e341716?s=96&d=mm&r=g","url":"https:\/\/secure.gravatar.com\/avatar\/d1eb6932c4e19eae45646071f4fdc2953db246f653160fbf8ec86c295e341716?s=96&d=mm&r=g","contentUrl":"https:\/\/secure.gravatar.com\/avatar\/d1eb6932c4e19eae45646071f4fdc2953db246f653160fbf8ec86c295e341716?s=96&d=mm&r=g","caption":"administrador"},"url":"https:\/\/empresaysociedad.cetisa.com.py\/index.php\/author\/kari\/"}]}},"_links":{"self":[{"href":"https:\/\/empresaysociedad.cetisa.com.py\/index.php\/wp-json\/wp\/v2\/posts\/692","targetHints":{"allow":["GET"]}}],"collection":[{"href":"https:\/\/empresaysociedad.cetisa.com.py\/index.php\/wp-json\/wp\/v2\/posts"}],"about":[{"href":"https:\/\/empresaysociedad.cetisa.com.py\/index.php\/wp-json\/wp\/v2\/types\/post"}],"author":[{"embeddable":true,"href":"https:\/\/empresaysociedad.cetisa.com.py\/index.php\/wp-json\/wp\/v2\/users\/3"}],"replies":[{"embeddable":true,"href":"https:\/\/empresaysociedad.cetisa.com.py\/index.php\/wp-json\/wp\/v2\/comments?post=692"}],"version-history":[{"count":0,"href":"https:\/\/empresaysociedad.cetisa.com.py\/index.php\/wp-json\/wp\/v2\/posts\/692\/revisions"}],"wp:attachment":[{"href":"https:\/\/empresaysociedad.cetisa.com.py\/index.php\/wp-json\/wp\/v2\/media?parent=692"}],"wp:term":[{"taxonomy":"category","embeddable":true,"href":"https:\/\/empresaysociedad.cetisa.com.py\/index.php\/wp-json\/wp\/v2\/categories?post=692"},{"taxonomy":"post_tag","embeddable":true,"href":"https:\/\/empresaysociedad.cetisa.com.py\/index.php\/wp-json\/wp\/v2\/tags?post=692"}],"curies":[{"name":"wp","href":"https:\/\/api.w.org\/{rel}","templated":true}]}}