{"id":725,"date":"2022-04-19T12:39:59","date_gmt":"2022-04-19T12:39:59","guid":{"rendered":"http:\/\/empresaysociedad.cetiparaguay.com\/?p=700"},"modified":"2022-04-19T12:39:59","modified_gmt":"2022-04-19T12:39:59","slug":"1er-taller-sobre-educacion-inclusiva","status":"publish","type":"post","link":"https:\/\/empresaysociedad.cetisa.com.py\/index.php\/2022\/04\/19\/1er-taller-sobre-educacion-inclusiva\/","title":{"rendered":"1er. TALLER SOBRE EDUCACI\u00d3N INCLUSIVA"},"content":{"rendered":"\n<p>En fecha 16\nde marzo se ha realizado el taller inicial de sensibilizaci\u00f3n sobre educaci\u00f3n\ninclusiva como previsto en el proyecto presentado el 18 de noviembre de 2021.<\/p>\n\n\n\n<p>Los objetivos\ndel taller se inscriben en lo descripto en el proyecto inicial y fueron:<\/p>\n\n\n\n<ol class=\"wp-block-list\"><li>Iniciar\nla sensibilizaci\u00f3n de todos los actores de la FACCYA sobre la importancia de\nuna cultura inclusiva en el contexto universitario; <\/li><li>Iniciar\nla capacitaci\u00f3n de los docentes de la FACCYA en los aspectos operativos de la\neducaci\u00f3n inclusiva; <\/li><li>Difundir\nconceptos, modos de trabajo y herramientas pedag\u00f3gicas y did\u00e1cticas que\npermitan detectar las barreras presentes en el entorno educativo, implementar\napoyos para superarlas y dar respuestas satisfactorias en aulas heterog\u00e9neas.<\/li><\/ol>\n\n\n\n<p>El taller tuvo la participaci\u00f3n masiva de los estudiantes de la facultad y de los docentes de las diferentes \u00e1reas. Durante el taller se presentaron los conceptos b\u00e1sicos relacionados con el tema, resaltando los trabajos de la Secretar\u00eda Nacional por los Derechos Humanos de las Personas con Discapacidad (SENADIS; posteriormente fueron expuestos los resultados de los trabajos realizados por la Coordinaci\u00f3n de Investigaci\u00f3n en lo referente al tema inclusi\u00f3n solicitando a los presentes colaborar con la producci\u00f3n de material y diseminaci\u00f3n de los aspectos operativos del tema <\/p>\n\n\n\n<figure class=\"wp-block-image\"><img loading=\"lazy\" decoding=\"async\" width=\"1024\" height=\"835\" src=\"https:\/\/empresaysociedad.cetisa.com.py\/wp-content\/uploads\/2022\/04\/Educacion-inclusiva-ALL-1024x835.png\" alt=\"\" class=\"wp-image-701\" srcset=\"https:\/\/empresaysociedad.cetisa.com.py\/wp-content\/uploads\/2022\/04\/Educacion-inclusiva-ALL-1024x835.png 1024w, https:\/\/empresaysociedad.cetisa.com.py\/wp-content\/uploads\/2022\/04\/Educacion-inclusiva-ALL-300x245.png 300w, https:\/\/empresaysociedad.cetisa.com.py\/wp-content\/uploads\/2022\/04\/Educacion-inclusiva-ALL-768x626.png 768w, https:\/\/empresaysociedad.cetisa.com.py\/wp-content\/uploads\/2022\/04\/Educacion-inclusiva-ALL.png 1061w\" sizes=\"auto, (max-width: 767px) 89vw, (max-width: 1000px) 54vw, (max-width: 1071px) 543px, 580px\" \/><\/figure>\n","protected":false},"excerpt":{"rendered":"<p>En fecha 16 de marzo se ha realizado el taller inicial de sensibilizaci\u00f3n sobre educaci\u00f3n inclusiva como previsto en el proyecto presentado el 18 de noviembre de 2021. Los objetivos del taller se inscriben en lo descripto en el proyecto inicial y fueron: Iniciar la sensibilizaci\u00f3n de todos los actores de la FACCYA sobre la &hellip; <\/p>\n<p class=\"link-more\"><a href=\"https:\/\/empresaysociedad.cetisa.com.py\/index.php\/2022\/04\/19\/1er-taller-sobre-educacion-inclusiva\/\" class=\"more-link\">Continuar leyendo<span class=\"screen-reader-text\"> \u00ab1er. TALLER SOBRE EDUCACI\u00d3N INCLUSIVA\u00bb<\/span><\/a><\/p>\n","protected":false},"author":4,"featured_media":0,"comment_status":"open","ping_status":"closed","sticky":false,"template":"","format":"standard","meta":{"footnotes":""},"categories":[2],"tags":[],"class_list":["post-725","post","type-post","status-publish","format-standard","hentry","category-extension-universitaria"],"yoast_head":"<!-- This site is optimized with the Yoast SEO plugin v27.4 - https:\/\/yoast.com\/product\/yoast-seo-wordpress\/ -->\n<title>1er. TALLER SOBRE EDUCACI\u00d3N INCLUSIVA - Empresa &amp; Sociedad<\/title>\n<meta name=\"robots\" content=\"index, follow, max-snippet:-1, max-image-preview:large, max-video-preview:-1\" \/>\n<link rel=\"canonical\" href=\"https:\/\/empresaysociedad.cetisa.com.py\/index.php\/2022\/04\/19\/1er-taller-sobre-educacion-inclusiva\/\" \/>\n<meta property=\"og:locale\" content=\"es_ES\" \/>\n<meta property=\"og:type\" content=\"article\" \/>\n<meta property=\"og:title\" content=\"1er. TALLER SOBRE EDUCACI\u00d3N INCLUSIVA - Empresa &amp; Sociedad\" \/>\n<meta property=\"og:description\" content=\"En fecha 16 de marzo se ha realizado el taller inicial de sensibilizaci\u00f3n sobre educaci\u00f3n inclusiva como previsto en el proyecto presentado el 18 de noviembre de 2021. Los objetivos del taller se inscriben en lo descripto en el proyecto inicial y fueron: Iniciar la sensibilizaci\u00f3n de todos los actores de la FACCYA sobre la &hellip; Continuar leyendo &quot;1er. TALLER SOBRE EDUCACI\u00d3N INCLUSIVA&quot;\" \/>\n<meta property=\"og:url\" content=\"https:\/\/empresaysociedad.cetisa.com.py\/index.php\/2022\/04\/19\/1er-taller-sobre-educacion-inclusiva\/\" \/>\n<meta property=\"og:site_name\" content=\"Empresa &amp; Sociedad\" \/>\n<meta property=\"article:published_time\" content=\"2022-04-19T12:39:59+00:00\" \/>\n<meta property=\"og:image\" content=\"http:\/\/empresaysociedad.cetiparaguay.com\/wp-content\/uploads\/2022\/04\/Educacion-inclusiva-ALL-1024x835.png\" \/>\n<meta name=\"author\" content=\"Guido Alarc\u00f3n\" \/>\n<meta name=\"twitter:card\" content=\"summary_large_image\" \/>\n<meta name=\"twitter:label1\" content=\"Escrito por\" \/>\n\t<meta name=\"twitter:data1\" content=\"Guido Alarc\u00f3n\" \/>\n\t<meta name=\"twitter:label2\" content=\"Tiempo de lectura\" \/>\n\t<meta name=\"twitter:data2\" content=\"1 minuto\" \/>\n<script type=\"application\/ld+json\" class=\"yoast-schema-graph\">{\"@context\":\"https:\\\/\\\/schema.org\",\"@graph\":[{\"@type\":\"Article\",\"@id\":\"https:\\\/\\\/empresaysociedad.cetisa.com.py\\\/index.php\\\/2022\\\/04\\\/19\\\/1er-taller-sobre-educacion-inclusiva\\\/#article\",\"isPartOf\":{\"@id\":\"https:\\\/\\\/empresaysociedad.cetisa.com.py\\\/index.php\\\/2022\\\/04\\\/19\\\/1er-taller-sobre-educacion-inclusiva\\\/\"},\"author\":{\"name\":\"Guido Alarc\u00f3n\",\"@id\":\"https:\\\/\\\/empresaysociedad.cetisa.com.py\\\/#\\\/schema\\\/person\\\/8b37b1889dd8914df045aa30120807e6\"},\"headline\":\"1er. TALLER SOBRE EDUCACI\u00d3N INCLUSIVA\",\"datePublished\":\"2022-04-19T12:39:59+00:00\",\"mainEntityOfPage\":{\"@id\":\"https:\\\/\\\/empresaysociedad.cetisa.com.py\\\/index.php\\\/2022\\\/04\\\/19\\\/1er-taller-sobre-educacion-inclusiva\\\/\"},\"wordCount\":218,\"commentCount\":0,\"publisher\":{\"@id\":\"https:\\\/\\\/empresaysociedad.cetisa.com.py\\\/#organization\"},\"image\":{\"@id\":\"https:\\\/\\\/empresaysociedad.cetisa.com.py\\\/index.php\\\/2022\\\/04\\\/19\\\/1er-taller-sobre-educacion-inclusiva\\\/#primaryimage\"},\"thumbnailUrl\":\"https:\\\/\\\/empresaysociedad.cetisa.com.py\\\/wp-content\\\/uploads\\\/2022\\\/04\\\/Educacion-inclusiva-ALL-1024x835.png\",\"articleSection\":[\"Extensi\u00f3n universitaria\"],\"inLanguage\":\"es\",\"potentialAction\":[{\"@type\":\"CommentAction\",\"name\":\"Comment\",\"target\":[\"https:\\\/\\\/empresaysociedad.cetisa.com.py\\\/index.php\\\/2022\\\/04\\\/19\\\/1er-taller-sobre-educacion-inclusiva\\\/#respond\"]}]},{\"@type\":\"WebPage\",\"@id\":\"https:\\\/\\\/empresaysociedad.cetisa.com.py\\\/index.php\\\/2022\\\/04\\\/19\\\/1er-taller-sobre-educacion-inclusiva\\\/\",\"url\":\"https:\\\/\\\/empresaysociedad.cetisa.com.py\\\/index.php\\\/2022\\\/04\\\/19\\\/1er-taller-sobre-educacion-inclusiva\\\/\",\"name\":\"1er. TALLER SOBRE EDUCACI\u00d3N INCLUSIVA - Empresa &amp; Sociedad\",\"isPartOf\":{\"@id\":\"https:\\\/\\\/empresaysociedad.cetisa.com.py\\\/#website\"},\"primaryImageOfPage\":{\"@id\":\"https:\\\/\\\/empresaysociedad.cetisa.com.py\\\/index.php\\\/2022\\\/04\\\/19\\\/1er-taller-sobre-educacion-inclusiva\\\/#primaryimage\"},\"image\":{\"@id\":\"https:\\\/\\\/empresaysociedad.cetisa.com.py\\\/index.php\\\/2022\\\/04\\\/19\\\/1er-taller-sobre-educacion-inclusiva\\\/#primaryimage\"},\"thumbnailUrl\":\"https:\\\/\\\/empresaysociedad.cetisa.com.py\\\/wp-content\\\/uploads\\\/2022\\\/04\\\/Educacion-inclusiva-ALL-1024x835.png\",\"datePublished\":\"2022-04-19T12:39:59+00:00\",\"breadcrumb\":{\"@id\":\"https:\\\/\\\/empresaysociedad.cetisa.com.py\\\/index.php\\\/2022\\\/04\\\/19\\\/1er-taller-sobre-educacion-inclusiva\\\/#breadcrumb\"},\"inLanguage\":\"es\",\"potentialAction\":[{\"@type\":\"ReadAction\",\"target\":[\"https:\\\/\\\/empresaysociedad.cetisa.com.py\\\/index.php\\\/2022\\\/04\\\/19\\\/1er-taller-sobre-educacion-inclusiva\\\/\"]}]},{\"@type\":\"ImageObject\",\"inLanguage\":\"es\",\"@id\":\"https:\\\/\\\/empresaysociedad.cetisa.com.py\\\/index.php\\\/2022\\\/04\\\/19\\\/1er-taller-sobre-educacion-inclusiva\\\/#primaryimage\",\"url\":\"https:\\\/\\\/empresaysociedad.cetisa.com.py\\\/wp-content\\\/uploads\\\/2022\\\/04\\\/Educacion-inclusiva-ALL.png\",\"contentUrl\":\"https:\\\/\\\/empresaysociedad.cetisa.com.py\\\/wp-content\\\/uploads\\\/2022\\\/04\\\/Educacion-inclusiva-ALL.png\",\"width\":1061,\"height\":865},{\"@type\":\"BreadcrumbList\",\"@id\":\"https:\\\/\\\/empresaysociedad.cetisa.com.py\\\/index.php\\\/2022\\\/04\\\/19\\\/1er-taller-sobre-educacion-inclusiva\\\/#breadcrumb\",\"itemListElement\":[{\"@type\":\"ListItem\",\"position\":1,\"name\":\"Portada\",\"item\":\"https:\\\/\\\/empresaysociedad.cetisa.com.py\\\/\"},{\"@type\":\"ListItem\",\"position\":2,\"name\":\"1er. TALLER SOBRE EDUCACI\u00d3N INCLUSIVA\"}]},{\"@type\":\"WebSite\",\"@id\":\"https:\\\/\\\/empresaysociedad.cetisa.com.py\\\/#website\",\"url\":\"https:\\\/\\\/empresaysociedad.cetisa.com.py\\\/\",\"name\":\"Empresa &amp; Sociedad\",\"description\":\"\",\"publisher\":{\"@id\":\"https:\\\/\\\/empresaysociedad.cetisa.com.py\\\/#organization\"},\"potentialAction\":[{\"@type\":\"SearchAction\",\"target\":{\"@type\":\"EntryPoint\",\"urlTemplate\":\"https:\\\/\\\/empresaysociedad.cetisa.com.py\\\/?s={search_term_string}\"},\"query-input\":{\"@type\":\"PropertyValueSpecification\",\"valueRequired\":true,\"valueName\":\"search_term_string\"}}],\"inLanguage\":\"es\"},{\"@type\":\"Organization\",\"@id\":\"https:\\\/\\\/empresaysociedad.cetisa.com.py\\\/#organization\",\"name\":\"Empresa &amp; Sociedad\",\"url\":\"https:\\\/\\\/empresaysociedad.cetisa.com.py\\\/\",\"logo\":{\"@type\":\"ImageObject\",\"inLanguage\":\"es\",\"@id\":\"https:\\\/\\\/empresaysociedad.cetisa.com.py\\\/#\\\/schema\\\/logo\\\/image\\\/\",\"url\":\"https:\\\/\\\/empresaysociedad.cetisa.com.py\\\/wp-content\\\/uploads\\\/2023\\\/06\\\/cropped-cropped-logo-1.png\",\"contentUrl\":\"https:\\\/\\\/empresaysociedad.cetisa.com.py\\\/wp-content\\\/uploads\\\/2023\\\/06\\\/cropped-cropped-logo-1.png\",\"width\":250,\"height\":250,\"caption\":\"Empresa &amp; Sociedad\"},\"image\":{\"@id\":\"https:\\\/\\\/empresaysociedad.cetisa.com.py\\\/#\\\/schema\\\/logo\\\/image\\\/\"}},{\"@type\":\"Person\",\"@id\":\"https:\\\/\\\/empresaysociedad.cetisa.com.py\\\/#\\\/schema\\\/person\\\/8b37b1889dd8914df045aa30120807e6\",\"name\":\"Guido Alarc\u00f3n\",\"image\":{\"@type\":\"ImageObject\",\"inLanguage\":\"es\",\"@id\":\"https:\\\/\\\/secure.gravatar.com\\\/avatar\\\/2d0fb8d8c9c4bd99407b872eb28b7d8c0a6c6f1e617bc6e4c713cfe26cdd780b?s=96&d=mm&r=g\",\"url\":\"https:\\\/\\\/secure.gravatar.com\\\/avatar\\\/2d0fb8d8c9c4bd99407b872eb28b7d8c0a6c6f1e617bc6e4c713cfe26cdd780b?s=96&d=mm&r=g\",\"contentUrl\":\"https:\\\/\\\/secure.gravatar.com\\\/avatar\\\/2d0fb8d8c9c4bd99407b872eb28b7d8c0a6c6f1e617bc6e4c713cfe26cdd780b?s=96&d=mm&r=g\",\"caption\":\"Guido Alarc\u00f3n\"},\"url\":\"https:\\\/\\\/empresaysociedad.cetisa.com.py\\\/index.php\\\/author\\\/guido\\\/\"}]}<\/script>\n<!-- \/ Yoast SEO plugin. -->","yoast_head_json":{"title":"1er. TALLER SOBRE EDUCACI\u00d3N INCLUSIVA - Empresa &amp; Sociedad","robots":{"index":"index","follow":"follow","max-snippet":"max-snippet:-1","max-image-preview":"max-image-preview:large","max-video-preview":"max-video-preview:-1"},"canonical":"https:\/\/empresaysociedad.cetisa.com.py\/index.php\/2022\/04\/19\/1er-taller-sobre-educacion-inclusiva\/","og_locale":"es_ES","og_type":"article","og_title":"1er. TALLER SOBRE EDUCACI\u00d3N INCLUSIVA - Empresa &amp; Sociedad","og_description":"En fecha 16 de marzo se ha realizado el taller inicial de sensibilizaci\u00f3n sobre educaci\u00f3n inclusiva como previsto en el proyecto presentado el 18 de noviembre de 2021. Los objetivos del taller se inscriben en lo descripto en el proyecto inicial y fueron: Iniciar la sensibilizaci\u00f3n de todos los actores de la FACCYA sobre la &hellip; Continuar leyendo \"1er. TALLER SOBRE EDUCACI\u00d3N INCLUSIVA\"","og_url":"https:\/\/empresaysociedad.cetisa.com.py\/index.php\/2022\/04\/19\/1er-taller-sobre-educacion-inclusiva\/","og_site_name":"Empresa &amp; Sociedad","article_published_time":"2022-04-19T12:39:59+00:00","og_image":[{"url":"http:\/\/empresaysociedad.cetiparaguay.com\/wp-content\/uploads\/2022\/04\/Educacion-inclusiva-ALL-1024x835.png","type":"","width":"","height":""}],"author":"Guido Alarc\u00f3n","twitter_card":"summary_large_image","twitter_misc":{"Escrito por":"Guido Alarc\u00f3n","Tiempo de lectura":"1 minuto"},"schema":{"@context":"https:\/\/schema.org","@graph":[{"@type":"Article","@id":"https:\/\/empresaysociedad.cetisa.com.py\/index.php\/2022\/04\/19\/1er-taller-sobre-educacion-inclusiva\/#article","isPartOf":{"@id":"https:\/\/empresaysociedad.cetisa.com.py\/index.php\/2022\/04\/19\/1er-taller-sobre-educacion-inclusiva\/"},"author":{"name":"Guido Alarc\u00f3n","@id":"https:\/\/empresaysociedad.cetisa.com.py\/#\/schema\/person\/8b37b1889dd8914df045aa30120807e6"},"headline":"1er. TALLER SOBRE EDUCACI\u00d3N INCLUSIVA","datePublished":"2022-04-19T12:39:59+00:00","mainEntityOfPage":{"@id":"https:\/\/empresaysociedad.cetisa.com.py\/index.php\/2022\/04\/19\/1er-taller-sobre-educacion-inclusiva\/"},"wordCount":218,"commentCount":0,"publisher":{"@id":"https:\/\/empresaysociedad.cetisa.com.py\/#organization"},"image":{"@id":"https:\/\/empresaysociedad.cetisa.com.py\/index.php\/2022\/04\/19\/1er-taller-sobre-educacion-inclusiva\/#primaryimage"},"thumbnailUrl":"https:\/\/empresaysociedad.cetisa.com.py\/wp-content\/uploads\/2022\/04\/Educacion-inclusiva-ALL-1024x835.png","articleSection":["Extensi\u00f3n universitaria"],"inLanguage":"es","potentialAction":[{"@type":"CommentAction","name":"Comment","target":["https:\/\/empresaysociedad.cetisa.com.py\/index.php\/2022\/04\/19\/1er-taller-sobre-educacion-inclusiva\/#respond"]}]},{"@type":"WebPage","@id":"https:\/\/empresaysociedad.cetisa.com.py\/index.php\/2022\/04\/19\/1er-taller-sobre-educacion-inclusiva\/","url":"https:\/\/empresaysociedad.cetisa.com.py\/index.php\/2022\/04\/19\/1er-taller-sobre-educacion-inclusiva\/","name":"1er. TALLER SOBRE EDUCACI\u00d3N INCLUSIVA - Empresa &amp; Sociedad","isPartOf":{"@id":"https:\/\/empresaysociedad.cetisa.com.py\/#website"},"primaryImageOfPage":{"@id":"https:\/\/empresaysociedad.cetisa.com.py\/index.php\/2022\/04\/19\/1er-taller-sobre-educacion-inclusiva\/#primaryimage"},"image":{"@id":"https:\/\/empresaysociedad.cetisa.com.py\/index.php\/2022\/04\/19\/1er-taller-sobre-educacion-inclusiva\/#primaryimage"},"thumbnailUrl":"https:\/\/empresaysociedad.cetisa.com.py\/wp-content\/uploads\/2022\/04\/Educacion-inclusiva-ALL-1024x835.png","datePublished":"2022-04-19T12:39:59+00:00","breadcrumb":{"@id":"https:\/\/empresaysociedad.cetisa.com.py\/index.php\/2022\/04\/19\/1er-taller-sobre-educacion-inclusiva\/#breadcrumb"},"inLanguage":"es","potentialAction":[{"@type":"ReadAction","target":["https:\/\/empresaysociedad.cetisa.com.py\/index.php\/2022\/04\/19\/1er-taller-sobre-educacion-inclusiva\/"]}]},{"@type":"ImageObject","inLanguage":"es","@id":"https:\/\/empresaysociedad.cetisa.com.py\/index.php\/2022\/04\/19\/1er-taller-sobre-educacion-inclusiva\/#primaryimage","url":"https:\/\/empresaysociedad.cetisa.com.py\/wp-content\/uploads\/2022\/04\/Educacion-inclusiva-ALL.png","contentUrl":"https:\/\/empresaysociedad.cetisa.com.py\/wp-content\/uploads\/2022\/04\/Educacion-inclusiva-ALL.png","width":1061,"height":865},{"@type":"BreadcrumbList","@id":"https:\/\/empresaysociedad.cetisa.com.py\/index.php\/2022\/04\/19\/1er-taller-sobre-educacion-inclusiva\/#breadcrumb","itemListElement":[{"@type":"ListItem","position":1,"name":"Portada","item":"https:\/\/empresaysociedad.cetisa.com.py\/"},{"@type":"ListItem","position":2,"name":"1er. TALLER SOBRE EDUCACI\u00d3N INCLUSIVA"}]},{"@type":"WebSite","@id":"https:\/\/empresaysociedad.cetisa.com.py\/#website","url":"https:\/\/empresaysociedad.cetisa.com.py\/","name":"Empresa &amp; Sociedad","description":"","publisher":{"@id":"https:\/\/empresaysociedad.cetisa.com.py\/#organization"},"potentialAction":[{"@type":"SearchAction","target":{"@type":"EntryPoint","urlTemplate":"https:\/\/empresaysociedad.cetisa.com.py\/?s={search_term_string}"},"query-input":{"@type":"PropertyValueSpecification","valueRequired":true,"valueName":"search_term_string"}}],"inLanguage":"es"},{"@type":"Organization","@id":"https:\/\/empresaysociedad.cetisa.com.py\/#organization","name":"Empresa &amp; Sociedad","url":"https:\/\/empresaysociedad.cetisa.com.py\/","logo":{"@type":"ImageObject","inLanguage":"es","@id":"https:\/\/empresaysociedad.cetisa.com.py\/#\/schema\/logo\/image\/","url":"https:\/\/empresaysociedad.cetisa.com.py\/wp-content\/uploads\/2023\/06\/cropped-cropped-logo-1.png","contentUrl":"https:\/\/empresaysociedad.cetisa.com.py\/wp-content\/uploads\/2023\/06\/cropped-cropped-logo-1.png","width":250,"height":250,"caption":"Empresa &amp; Sociedad"},"image":{"@id":"https:\/\/empresaysociedad.cetisa.com.py\/#\/schema\/logo\/image\/"}},{"@type":"Person","@id":"https:\/\/empresaysociedad.cetisa.com.py\/#\/schema\/person\/8b37b1889dd8914df045aa30120807e6","name":"Guido Alarc\u00f3n","image":{"@type":"ImageObject","inLanguage":"es","@id":"https:\/\/secure.gravatar.com\/avatar\/2d0fb8d8c9c4bd99407b872eb28b7d8c0a6c6f1e617bc6e4c713cfe26cdd780b?s=96&d=mm&r=g","url":"https:\/\/secure.gravatar.com\/avatar\/2d0fb8d8c9c4bd99407b872eb28b7d8c0a6c6f1e617bc6e4c713cfe26cdd780b?s=96&d=mm&r=g","contentUrl":"https:\/\/secure.gravatar.com\/avatar\/2d0fb8d8c9c4bd99407b872eb28b7d8c0a6c6f1e617bc6e4c713cfe26cdd780b?s=96&d=mm&r=g","caption":"Guido Alarc\u00f3n"},"url":"https:\/\/empresaysociedad.cetisa.com.py\/index.php\/author\/guido\/"}]}},"_links":{"self":[{"href":"https:\/\/empresaysociedad.cetisa.com.py\/index.php\/wp-json\/wp\/v2\/posts\/725","targetHints":{"allow":["GET"]}}],"collection":[{"href":"https:\/\/empresaysociedad.cetisa.com.py\/index.php\/wp-json\/wp\/v2\/posts"}],"about":[{"href":"https:\/\/empresaysociedad.cetisa.com.py\/index.php\/wp-json\/wp\/v2\/types\/post"}],"author":[{"embeddable":true,"href":"https:\/\/empresaysociedad.cetisa.com.py\/index.php\/wp-json\/wp\/v2\/users\/4"}],"replies":[{"embeddable":true,"href":"https:\/\/empresaysociedad.cetisa.com.py\/index.php\/wp-json\/wp\/v2\/comments?post=725"}],"version-history":[{"count":0,"href":"https:\/\/empresaysociedad.cetisa.com.py\/index.php\/wp-json\/wp\/v2\/posts\/725\/revisions"}],"wp:attachment":[{"href":"https:\/\/empresaysociedad.cetisa.com.py\/index.php\/wp-json\/wp\/v2\/media?parent=725"}],"wp:term":[{"taxonomy":"category","embeddable":true,"href":"https:\/\/empresaysociedad.cetisa.com.py\/index.php\/wp-json\/wp\/v2\/categories?post=725"},{"taxonomy":"post_tag","embeddable":true,"href":"https:\/\/empresaysociedad.cetisa.com.py\/index.php\/wp-json\/wp\/v2\/tags?post=725"}],"curies":[{"name":"wp","href":"https:\/\/api.w.org\/{rel}","templated":true}]}}